{"id":90,"date":"2014-11-16T15:34:50","date_gmt":"2014-11-16T14:34:50","guid":{"rendered":"http:\/\/www.2minuti.it\/ilblog\/?p=90"},"modified":"2015-08-25T19:56:32","modified_gmt":"2015-08-25T17:56:32","slug":"inauguriamo-le-cose-vecchie","status":"publish","type":"post","link":"https:\/\/www.2minuti.it\/ilblog\/inauguriamo-le-cose-vecchie\/","title":{"rendered":"Inauguriamo le cose vecchie"},"content":{"rendered":"<p>Questo Venerd\u00ec ho saltato la consueta pubblicazione per una vacanza a Roma&#8230;<\/p>\n<p>Per scusarmi coi miei pochi ma fedeli lettori, pubblico eccezionalmente una riflessione della Domenica, molto locale, molto personale.<\/p>\n<p>Ho recentemente scoperto che a Palermo abbiamo un superpotere: quello di inaugurare le cose vecchie.<\/p>\n<p>Mi riferisco alla riapertura in pompa magna del Padiglione 20 della Fiera del Mediterraneo. Sono andato a vedere di persona: di nuovo non c&#8217;\u00e8 nulla. La struttura \u00e8 nella fatiscenza di sempre. Le vetrate rotte sono sempre li e non sono state cambiate neanche le lampade fulminate. Vengo accolto da due persone molto disponibili, le quali mi spiegano che tutto ci\u00f2 che vedo, dalle hostess, al servizio di sorveglianza, passando per la moquette e gli spazi espositivi, sono tutti stati pagati da espositori e organizzatore. Anche i teli che dall&#8217;interno coprono le vetrate rotte&#8230; messi da chi ha organizzato l&#8217;evento.<\/p>\n<p>Prendo ci\u00f2 che mi \u00e8 stato detto col beneficio del dubbio, ma non posso ignorare una certezza: l&#8217;attuale Sindaco Leoluca Orlando, con un discreto seguito, ha inaugurato un padiglione dove da inaugurare non c&#8217;\u00e8 assolutamente niente. Mi chiedo perch\u00e8. Mi chiedo se tale padiglione abbia tutte le carte in regola per poter avere agibilit\u00e0 e altri permessi necessari al regolare svolgimento di tali manifestazioni. Mi chiedo se l&#8217;area circostante, che va percorsa per accedere al padiglione, rispetti le norme di sicurezza vigenti. Insomma, mi chiedo tante cose&#8230; chi mi risponde?<\/p>\n<p><a href=\"http:\/\/www.2minuti.it\/ilblog\/wp-content\/uploads\/2014\/11\/fiera-del-mediterraneo.jpg\" data-rel=\"lightbox-image-0\" data-rl_title=\"\" data-rl_caption=\"\" title=\"\"><img loading=\"lazy\" decoding=\"async\" class=\"aligncenter size-large wp-image-91\" src=\"http:\/\/www.2minuti.it\/ilblog\/wp-content\/uploads\/2014\/11\/fiera-del-mediterraneo-1024x682.jpg\" alt=\"fiera-del-mediterraneo\" width=\"634\" height=\"422\" srcset=\"https:\/\/www.2minuti.it\/ilblog\/wp-content\/uploads\/2014\/11\/fiera-del-mediterraneo-1024x682.jpg 1024w, https:\/\/www.2minuti.it\/ilblog\/wp-content\/uploads\/2014\/11\/fiera-del-mediterraneo-300x200.jpg 300w, https:\/\/www.2minuti.it\/ilblog\/wp-content\/uploads\/2014\/11\/fiera-del-mediterraneo-816x544.jpg 816w\" sizes=\"auto, (max-width: 634px) 100vw, 634px\" \/><\/a><\/p>\n","protected":false},"excerpt":{"rendered":"<p>Questo Venerd\u00ec ho saltato la consueta pubblicazione per una vacanza a Roma&#8230; Per scusarmi coi miei pochi ma fedeli lettori,<\/p>\n","protected":false},"author":1,"featured_media":0,"comment_status":"open","ping_status":"closed","sticky":false,"template":"","format":"standard","meta":{"colormag_page_container_layout":"default_layout","colormag_page_sidebar_layout":"default_layout","footnotes":""},"categories":[6],"tags":[50,49,48],"class_list":["post-90","post","type-post","status-publish","format-standard","hentry","category-dailylife","tag-eventi","tag-fiera-del-mediterraneo","tag-palermo"],"yoast_head":"<!-- This site is optimized with the Yoast SEO plugin v27.5 - https:\/\/yoast.com\/product\/yoast-seo-wordpress\/ -->\n<title>Inauguriamo le cose vecchie - 2 minuti<\/title>\n<meta name=\"robots\" content=\"index, follow, max-snippet:-1, max-image-preview:large, max-video-preview:-1\" \/>\n<link rel=\"canonical\" href=\"https:\/\/www.2minuti.it\/ilblog\/inauguriamo-le-cose-vecchie\/\" \/>\n<meta property=\"og:locale\" content=\"it_IT\" \/>\n<meta property=\"og:type\" content=\"article\" \/>\n<meta property=\"og:title\" content=\"Inauguriamo le cose vecchie - 2 minuti\" \/>\n<meta property=\"og:description\" content=\"Questo Venerd\u00ec ho saltato la consueta pubblicazione per una vacanza a Roma&#8230; Per scusarmi coi miei pochi ma fedeli lettori,\" \/>\n<meta property=\"og:url\" content=\"https:\/\/www.2minuti.it\/ilblog\/inauguriamo-le-cose-vecchie\/\" \/>\n<meta property=\"og:site_name\" content=\"2 minuti\" \/>\n<meta property=\"article:publisher\" content=\"https:\/\/www.facebook.com\/Sergionline\" \/>\n<meta property=\"article:published_time\" content=\"2014-11-16T14:34:50+00:00\" \/>\n<meta property=\"article:modified_time\" content=\"2015-08-25T17:56:32+00:00\" \/>\n<meta property=\"og:image\" content=\"http:\/\/www.2minuti.it\/ilblog\/wp-content\/uploads\/2014\/11\/fiera-del-mediterraneo-1024x682.jpg\" \/>\n<meta name=\"author\" content=\"Sergio\" \/>\n<meta name=\"twitter:card\" content=\"summary_large_image\" \/>\n<meta name=\"twitter:creator\" content=\"@Sergiontw\" \/>\n<meta name=\"twitter:site\" content=\"@Sergiontw\" \/>\n<meta name=\"twitter:label1\" content=\"Scritto da\" \/>\n\t<meta name=\"twitter:data1\" content=\"Sergio\" \/>\n\t<meta name=\"twitter:label2\" content=\"Tempo di lettura stimato\" \/>\n\t<meta name=\"twitter:data2\" content=\"1 minuto\" \/>\n<script type=\"application\/ld+json\" class=\"yoast-schema-graph\">{\"@context\":\"https:\\\/\\\/schema.org\",\"@graph\":[{\"@type\":\"Article\",\"@id\":\"https:\\\/\\\/www.2minuti.it\\\/ilblog\\\/inauguriamo-le-cose-vecchie\\\/#article\",\"isPartOf\":{\"@id\":\"https:\\\/\\\/www.2minuti.it\\\/ilblog\\\/inauguriamo-le-cose-vecchie\\\/\"},\"author\":{\"name\":\"Sergio\",\"@id\":\"https:\\\/\\\/www.2minuti.it\\\/ilblog\\\/#\\\/schema\\\/person\\\/1aab47ab21092e56ee1918315359ed36\"},\"headline\":\"Inauguriamo le cose vecchie\",\"datePublished\":\"2014-11-16T14:34:50+00:00\",\"dateModified\":\"2015-08-25T17:56:32+00:00\",\"mainEntityOfPage\":{\"@id\":\"https:\\\/\\\/www.2minuti.it\\\/ilblog\\\/inauguriamo-le-cose-vecchie\\\/\"},\"wordCount\":236,\"commentCount\":0,\"publisher\":{\"@id\":\"https:\\\/\\\/www.2minuti.it\\\/ilblog\\\/#organization\"},\"image\":{\"@id\":\"https:\\\/\\\/www.2minuti.it\\\/ilblog\\\/inauguriamo-le-cose-vecchie\\\/#primaryimage\"},\"thumbnailUrl\":\"http:\\\/\\\/www.2minuti.it\\\/ilblog\\\/wp-content\\\/uploads\\\/2014\\\/11\\\/fiera-del-mediterraneo-1024x682.jpg\",\"keywords\":[\"eventi\",\"Fiera del Mediterraneo\",\"Palermo\"],\"articleSection\":[\"Dailylife\"],\"inLanguage\":\"it-IT\",\"potentialAction\":[{\"@type\":\"CommentAction\",\"name\":\"Comment\",\"target\":[\"https:\\\/\\\/www.2minuti.it\\\/ilblog\\\/inauguriamo-le-cose-vecchie\\\/#respond\"]}]},{\"@type\":\"WebPage\",\"@id\":\"https:\\\/\\\/www.2minuti.it\\\/ilblog\\\/inauguriamo-le-cose-vecchie\\\/\",\"url\":\"https:\\\/\\\/www.2minuti.it\\\/ilblog\\\/inauguriamo-le-cose-vecchie\\\/\",\"name\":\"Inauguriamo le cose vecchie - 2 minuti\",\"isPartOf\":{\"@id\":\"https:\\\/\\\/www.2minuti.it\\\/ilblog\\\/#website\"},\"primaryImageOfPage\":{\"@id\":\"https:\\\/\\\/www.2minuti.it\\\/ilblog\\\/inauguriamo-le-cose-vecchie\\\/#primaryimage\"},\"image\":{\"@id\":\"https:\\\/\\\/www.2minuti.it\\\/ilblog\\\/inauguriamo-le-cose-vecchie\\\/#primaryimage\"},\"thumbnailUrl\":\"http:\\\/\\\/www.2minuti.it\\\/ilblog\\\/wp-content\\\/uploads\\\/2014\\\/11\\\/fiera-del-mediterraneo-1024x682.jpg\",\"datePublished\":\"2014-11-16T14:34:50+00:00\",\"dateModified\":\"2015-08-25T17:56:32+00:00\",\"breadcrumb\":{\"@id\":\"https:\\\/\\\/www.2minuti.it\\\/ilblog\\\/inauguriamo-le-cose-vecchie\\\/#breadcrumb\"},\"inLanguage\":\"it-IT\",\"potentialAction\":[{\"@type\":\"ReadAction\",\"target\":[\"https:\\\/\\\/www.2minuti.it\\\/ilblog\\\/inauguriamo-le-cose-vecchie\\\/\"]}]},{\"@type\":\"ImageObject\",\"inLanguage\":\"it-IT\",\"@id\":\"https:\\\/\\\/www.2minuti.it\\\/ilblog\\\/inauguriamo-le-cose-vecchie\\\/#primaryimage\",\"url\":\"http:\\\/\\\/www.2minuti.it\\\/ilblog\\\/wp-content\\\/uploads\\\/2014\\\/11\\\/fiera-del-mediterraneo-1024x682.jpg\",\"contentUrl\":\"http:\\\/\\\/www.2minuti.it\\\/ilblog\\\/wp-content\\\/uploads\\\/2014\\\/11\\\/fiera-del-mediterraneo-1024x682.jpg\"},{\"@type\":\"BreadcrumbList\",\"@id\":\"https:\\\/\\\/www.2minuti.it\\\/ilblog\\\/inauguriamo-le-cose-vecchie\\\/#breadcrumb\",\"itemListElement\":[{\"@type\":\"ListItem\",\"position\":1,\"name\":\"Home\",\"item\":\"https:\\\/\\\/www.2minuti.it\\\/ilblog\\\/\"},{\"@type\":\"ListItem\",\"position\":2,\"name\":\"Inauguriamo le cose vecchie\"}]},{\"@type\":\"WebSite\",\"@id\":\"https:\\\/\\\/www.2minuti.it\\\/ilblog\\\/#website\",\"url\":\"https:\\\/\\\/www.2minuti.it\\\/ilblog\\\/\",\"name\":\"2 minuti\",\"description\":\"Son sabbia i minuti (Charles Baudelaire)\",\"publisher\":{\"@id\":\"https:\\\/\\\/www.2minuti.it\\\/ilblog\\\/#organization\"},\"potentialAction\":[{\"@type\":\"SearchAction\",\"target\":{\"@type\":\"EntryPoint\",\"urlTemplate\":\"https:\\\/\\\/www.2minuti.it\\\/ilblog\\\/?s={search_term_string}\"},\"query-input\":{\"@type\":\"PropertyValueSpecification\",\"valueRequired\":true,\"valueName\":\"search_term_string\"}}],\"inLanguage\":\"it-IT\"},{\"@type\":\"Organization\",\"@id\":\"https:\\\/\\\/www.2minuti.it\\\/ilblog\\\/#organization\",\"name\":\"2 minuti\",\"url\":\"https:\\\/\\\/www.2minuti.it\\\/ilblog\\\/\",\"logo\":{\"@type\":\"ImageObject\",\"inLanguage\":\"it-IT\",\"@id\":\"https:\\\/\\\/www.2minuti.it\\\/ilblog\\\/#\\\/schema\\\/logo\\\/image\\\/\",\"url\":\"https:\\\/\\\/www.2minuti.it\\\/ilblog\\\/wp-content\\\/uploads\\\/2016\\\/08\\\/sergio-100.png\",\"contentUrl\":\"https:\\\/\\\/www.2minuti.it\\\/ilblog\\\/wp-content\\\/uploads\\\/2016\\\/08\\\/sergio-100.png\",\"width\":100,\"height\":100,\"caption\":\"2 minuti\"},\"image\":{\"@id\":\"https:\\\/\\\/www.2minuti.it\\\/ilblog\\\/#\\\/schema\\\/logo\\\/image\\\/\"},\"sameAs\":[\"https:\\\/\\\/www.facebook.com\\\/Sergionline\",\"https:\\\/\\\/x.com\\\/Sergiontw\",\"https:\\\/\\\/www.linkedin.com\\\/in\\\/sergio-nuzzo-45647233\",\"https:\\\/\\\/www.youtube.com\\\/channel\\\/UCyKOEznfP8LsDTRAu4GTAdA\"]},{\"@type\":\"Person\",\"@id\":\"https:\\\/\\\/www.2minuti.it\\\/ilblog\\\/#\\\/schema\\\/person\\\/1aab47ab21092e56ee1918315359ed36\",\"name\":\"Sergio\",\"image\":{\"@type\":\"ImageObject\",\"inLanguage\":\"it-IT\",\"@id\":\"https:\\\/\\\/secure.gravatar.com\\\/avatar\\\/efeeeca169e26cb50add21e8f0bacb132030eaf7d1560f755a7a50acdfc58799?s=96&d=mm&r=g\",\"url\":\"https:\\\/\\\/secure.gravatar.com\\\/avatar\\\/efeeeca169e26cb50add21e8f0bacb132030eaf7d1560f755a7a50acdfc58799?s=96&d=mm&r=g\",\"contentUrl\":\"https:\\\/\\\/secure.gravatar.com\\\/avatar\\\/efeeeca169e26cb50add21e8f0bacb132030eaf7d1560f755a7a50acdfc58799?s=96&d=mm&r=g\",\"caption\":\"Sergio\"},\"sameAs\":[\"http:\\\/\\\/www.2minuti.it\"]}]}<\/script>\n<!-- \/ Yoast SEO plugin. -->","yoast_head_json":{"title":"Inauguriamo le cose vecchie - 2 minuti","robots":{"index":"index","follow":"follow","max-snippet":"max-snippet:-1","max-image-preview":"max-image-preview:large","max-video-preview":"max-video-preview:-1"},"canonical":"https:\/\/www.2minuti.it\/ilblog\/inauguriamo-le-cose-vecchie\/","og_locale":"it_IT","og_type":"article","og_title":"Inauguriamo le cose vecchie - 2 minuti","og_description":"Questo Venerd\u00ec ho saltato la consueta pubblicazione per una vacanza a Roma&#8230; Per scusarmi coi miei pochi ma fedeli lettori,","og_url":"https:\/\/www.2minuti.it\/ilblog\/inauguriamo-le-cose-vecchie\/","og_site_name":"2 minuti","article_publisher":"https:\/\/www.facebook.com\/Sergionline","article_published_time":"2014-11-16T14:34:50+00:00","article_modified_time":"2015-08-25T17:56:32+00:00","og_image":[{"url":"http:\/\/www.2minuti.it\/ilblog\/wp-content\/uploads\/2014\/11\/fiera-del-mediterraneo-1024x682.jpg","type":"","width":"","height":""}],"author":"Sergio","twitter_card":"summary_large_image","twitter_creator":"@Sergiontw","twitter_site":"@Sergiontw","twitter_misc":{"Scritto da":"Sergio","Tempo di lettura stimato":"1 minuto"},"schema":{"@context":"https:\/\/schema.org","@graph":[{"@type":"Article","@id":"https:\/\/www.2minuti.it\/ilblog\/inauguriamo-le-cose-vecchie\/#article","isPartOf":{"@id":"https:\/\/www.2minuti.it\/ilblog\/inauguriamo-le-cose-vecchie\/"},"author":{"name":"Sergio","@id":"https:\/\/www.2minuti.it\/ilblog\/#\/schema\/person\/1aab47ab21092e56ee1918315359ed36"},"headline":"Inauguriamo le cose vecchie","datePublished":"2014-11-16T14:34:50+00:00","dateModified":"2015-08-25T17:56:32+00:00","mainEntityOfPage":{"@id":"https:\/\/www.2minuti.it\/ilblog\/inauguriamo-le-cose-vecchie\/"},"wordCount":236,"commentCount":0,"publisher":{"@id":"https:\/\/www.2minuti.it\/ilblog\/#organization"},"image":{"@id":"https:\/\/www.2minuti.it\/ilblog\/inauguriamo-le-cose-vecchie\/#primaryimage"},"thumbnailUrl":"http:\/\/www.2minuti.it\/ilblog\/wp-content\/uploads\/2014\/11\/fiera-del-mediterraneo-1024x682.jpg","keywords":["eventi","Fiera del Mediterraneo","Palermo"],"articleSection":["Dailylife"],"inLanguage":"it-IT","potentialAction":[{"@type":"CommentAction","name":"Comment","target":["https:\/\/www.2minuti.it\/ilblog\/inauguriamo-le-cose-vecchie\/#respond"]}]},{"@type":"WebPage","@id":"https:\/\/www.2minuti.it\/ilblog\/inauguriamo-le-cose-vecchie\/","url":"https:\/\/www.2minuti.it\/ilblog\/inauguriamo-le-cose-vecchie\/","name":"Inauguriamo le cose vecchie - 2 minuti","isPartOf":{"@id":"https:\/\/www.2minuti.it\/ilblog\/#website"},"primaryImageOfPage":{"@id":"https:\/\/www.2minuti.it\/ilblog\/inauguriamo-le-cose-vecchie\/#primaryimage"},"image":{"@id":"https:\/\/www.2minuti.it\/ilblog\/inauguriamo-le-cose-vecchie\/#primaryimage"},"thumbnailUrl":"http:\/\/www.2minuti.it\/ilblog\/wp-content\/uploads\/2014\/11\/fiera-del-mediterraneo-1024x682.jpg","datePublished":"2014-11-16T14:34:50+00:00","dateModified":"2015-08-25T17:56:32+00:00","breadcrumb":{"@id":"https:\/\/www.2minuti.it\/ilblog\/inauguriamo-le-cose-vecchie\/#breadcrumb"},"inLanguage":"it-IT","potentialAction":[{"@type":"ReadAction","target":["https:\/\/www.2minuti.it\/ilblog\/inauguriamo-le-cose-vecchie\/"]}]},{"@type":"ImageObject","inLanguage":"it-IT","@id":"https:\/\/www.2minuti.it\/ilblog\/inauguriamo-le-cose-vecchie\/#primaryimage","url":"http:\/\/www.2minuti.it\/ilblog\/wp-content\/uploads\/2014\/11\/fiera-del-mediterraneo-1024x682.jpg","contentUrl":"http:\/\/www.2minuti.it\/ilblog\/wp-content\/uploads\/2014\/11\/fiera-del-mediterraneo-1024x682.jpg"},{"@type":"BreadcrumbList","@id":"https:\/\/www.2minuti.it\/ilblog\/inauguriamo-le-cose-vecchie\/#breadcrumb","itemListElement":[{"@type":"ListItem","position":1,"name":"Home","item":"https:\/\/www.2minuti.it\/ilblog\/"},{"@type":"ListItem","position":2,"name":"Inauguriamo le cose vecchie"}]},{"@type":"WebSite","@id":"https:\/\/www.2minuti.it\/ilblog\/#website","url":"https:\/\/www.2minuti.it\/ilblog\/","name":"2 minuti","description":"Son sabbia i minuti (Charles Baudelaire)","publisher":{"@id":"https:\/\/www.2minuti.it\/ilblog\/#organization"},"potentialAction":[{"@type":"SearchAction","target":{"@type":"EntryPoint","urlTemplate":"https:\/\/www.2minuti.it\/ilblog\/?s={search_term_string}"},"query-input":{"@type":"PropertyValueSpecification","valueRequired":true,"valueName":"search_term_string"}}],"inLanguage":"it-IT"},{"@type":"Organization","@id":"https:\/\/www.2minuti.it\/ilblog\/#organization","name":"2 minuti","url":"https:\/\/www.2minuti.it\/ilblog\/","logo":{"@type":"ImageObject","inLanguage":"it-IT","@id":"https:\/\/www.2minuti.it\/ilblog\/#\/schema\/logo\/image\/","url":"https:\/\/www.2minuti.it\/ilblog\/wp-content\/uploads\/2016\/08\/sergio-100.png","contentUrl":"https:\/\/www.2minuti.it\/ilblog\/wp-content\/uploads\/2016\/08\/sergio-100.png","width":100,"height":100,"caption":"2 minuti"},"image":{"@id":"https:\/\/www.2minuti.it\/ilblog\/#\/schema\/logo\/image\/"},"sameAs":["https:\/\/www.facebook.com\/Sergionline","https:\/\/x.com\/Sergiontw","https:\/\/www.linkedin.com\/in\/sergio-nuzzo-45647233","https:\/\/www.youtube.com\/channel\/UCyKOEznfP8LsDTRAu4GTAdA"]},{"@type":"Person","@id":"https:\/\/www.2minuti.it\/ilblog\/#\/schema\/person\/1aab47ab21092e56ee1918315359ed36","name":"Sergio","image":{"@type":"ImageObject","inLanguage":"it-IT","@id":"https:\/\/secure.gravatar.com\/avatar\/efeeeca169e26cb50add21e8f0bacb132030eaf7d1560f755a7a50acdfc58799?s=96&d=mm&r=g","url":"https:\/\/secure.gravatar.com\/avatar\/efeeeca169e26cb50add21e8f0bacb132030eaf7d1560f755a7a50acdfc58799?s=96&d=mm&r=g","contentUrl":"https:\/\/secure.gravatar.com\/avatar\/efeeeca169e26cb50add21e8f0bacb132030eaf7d1560f755a7a50acdfc58799?s=96&d=mm&r=g","caption":"Sergio"},"sameAs":["http:\/\/www.2minuti.it"]}]}},"_links":{"self":[{"href":"https:\/\/www.2minuti.it\/ilblog\/wp-json\/wp\/v2\/posts\/90","targetHints":{"allow":["GET"]}}],"collection":[{"href":"https:\/\/www.2minuti.it\/ilblog\/wp-json\/wp\/v2\/posts"}],"about":[{"href":"https:\/\/www.2minuti.it\/ilblog\/wp-json\/wp\/v2\/types\/post"}],"author":[{"embeddable":true,"href":"https:\/\/www.2minuti.it\/ilblog\/wp-json\/wp\/v2\/users\/1"}],"replies":[{"embeddable":true,"href":"https:\/\/www.2minuti.it\/ilblog\/wp-json\/wp\/v2\/comments?post=90"}],"version-history":[{"count":1,"href":"https:\/\/www.2minuti.it\/ilblog\/wp-json\/wp\/v2\/posts\/90\/revisions"}],"predecessor-version":[{"id":92,"href":"https:\/\/www.2minuti.it\/ilblog\/wp-json\/wp\/v2\/posts\/90\/revisions\/92"}],"wp:attachment":[{"href":"https:\/\/www.2minuti.it\/ilblog\/wp-json\/wp\/v2\/media?parent=90"}],"wp:term":[{"taxonomy":"category","embeddable":true,"href":"https:\/\/www.2minuti.it\/ilblog\/wp-json\/wp\/v2\/categories?post=90"},{"taxonomy":"post_tag","embeddable":true,"href":"https:\/\/www.2minuti.it\/ilblog\/wp-json\/wp\/v2\/tags?post=90"}],"curies":[{"name":"wp","href":"https:\/\/api.w.org\/{rel}","templated":true}]}}