{"id":560,"date":"2016-12-12T22:09:46","date_gmt":"2016-12-12T21:09:46","guid":{"rendered":"http:\/\/www.2minuti.it\/ilblog\/?p=560"},"modified":"2016-12-13T07:41:02","modified_gmt":"2016-12-13T06:41:02","slug":"se-vuoi-la-democrazia","status":"publish","type":"post","link":"https:\/\/www.2minuti.it\/ilblog\/se-vuoi-la-democrazia\/","title":{"rendered":"Se proprio vuoi la democrazia&#8230;"},"content":{"rendered":"<p>Credo ci sia molta confusione al giorno d&#8217;oggi sul significato di democrazia. Citando da <a href=\"https:\/\/it.wikipedia.org\/wiki\/Democrazia\">Wikipedia<\/a>, la democrazia \u00e8 una forma di governo in cui il potere viene esercitato dal popolo, tramite rappresentanti liberamente eletti.<\/p>\n<p>Per gli animi che si stanno gi\u00e0 scaldando le dita per ricordare al mondo che in Italia c&#8217;\u00e8 un governo non eletto, raffreddo i bollori ricordando anche che, da Costituzione Italiana, il Presidente del Consiglio non \u00e8 tra i rappresentanti eletti&#8230; ma non \u00e8 questo il problema.<\/p>\n<p>Democrazia \u00e8 differente da Anarchia, che \u00e8 la dottrina sociale e politica che propugna l&#8217;abolizione dell&#8217;autorit\u00e0 costituita e accentrata, nonch\u00e9 di ogni forma di costrizione esterna. Quando un singolo (o una minoranza) che \u00e8 nell&#8217;opposizione (cio\u00e8 nel gruppo che ha perso le elezioni), non riconosce il risultato elettorale e i rappresentanti liberamente eletti, non sta difendendo n\u00e8 la democrazia, n\u00e8 l&#8217;eguaglianza dei diritti, ma cerca di imporre il suo singolo pensiero&#8230; e se lo facciamo tutti diventa anarchia.<\/p>\n<p>Quando vi viene il moto di ribellione, pensate che bisognerebbe far saltare tutto per difendere i diritti di tutti, seguite un consiglio: andate a una riunione di condominio e vediamo se continuate a voler abbattere ogni forma di costrizione.<\/p>\n","protected":false},"excerpt":{"rendered":"<p>Credo ci sia molta confusione al giorno d&#8217;oggi sul significato di democrazia. Citando da Wikipedia, la democrazia \u00e8 una forma<\/p>\n","protected":false},"author":1,"featured_media":561,"comment_status":"open","ping_status":"closed","sticky":false,"template":"","format":"standard","meta":{"colormag_page_container_layout":"default_layout","colormag_page_sidebar_layout":"default_layout","footnotes":""},"categories":[6],"tags":[336,334,335,192],"class_list":["post-560","post","type-post","status-publish","format-standard","has-post-thumbnail","hentry","category-dailylife","tag-anarchia","tag-condominio","tag-democrazia","tag-politica"],"yoast_head":"<!-- This site is optimized with the Yoast SEO plugin v27.5 - https:\/\/yoast.com\/product\/yoast-seo-wordpress\/ -->\n<title>Democrazia: sicuri di volerla fino in fondo? Riflettiamo 2 minuti?<\/title>\n<meta name=\"description\" content=\"Siete proprio tutti sicuri d&#039;essere dei veri sostenitori della democrazia? Potrebbe essere che la parola giusta per definire il vostro pensiero sia...\" \/>\n<meta name=\"robots\" content=\"index, follow, max-snippet:-1, max-image-preview:large, max-video-preview:-1\" \/>\n<link rel=\"canonical\" href=\"https:\/\/www.2minuti.it\/ilblog\/se-vuoi-la-democrazia\/\" \/>\n<meta property=\"og:locale\" content=\"it_IT\" \/>\n<meta property=\"og:type\" content=\"article\" \/>\n<meta property=\"og:title\" content=\"Democrazia: sicuri di volerla fino in fondo? Riflettiamo 2 minuti?\" \/>\n<meta property=\"og:description\" content=\"Siete proprio tutti sicuri d&#039;essere dei veri sostenitori della democrazia? Potrebbe essere che la parola giusta per definire il vostro pensiero sia...\" \/>\n<meta property=\"og:url\" content=\"https:\/\/www.2minuti.it\/ilblog\/se-vuoi-la-democrazia\/\" \/>\n<meta property=\"og:site_name\" content=\"2 minuti\" \/>\n<meta property=\"article:publisher\" content=\"https:\/\/www.facebook.com\/Sergionline\" \/>\n<meta property=\"article:published_time\" content=\"2016-12-12T21:09:46+00:00\" \/>\n<meta property=\"article:modified_time\" content=\"2016-12-13T06:41:02+00:00\" \/>\n<meta property=\"og:image\" content=\"https:\/\/www.2minuti.it\/ilblog\/wp-content\/uploads\/2016\/12\/democrazia.jpg\" \/>\n\t<meta property=\"og:image:width\" content=\"3292\" \/>\n\t<meta property=\"og:image:height\" content=\"1530\" \/>\n\t<meta property=\"og:image:type\" content=\"image\/jpeg\" \/>\n<meta name=\"author\" content=\"Sergio\" \/>\n<meta name=\"twitter:card\" content=\"summary_large_image\" \/>\n<meta name=\"twitter:creator\" content=\"@Sergiontw\" \/>\n<meta name=\"twitter:site\" content=\"@Sergiontw\" \/>\n<meta name=\"twitter:label1\" content=\"Scritto da\" \/>\n\t<meta name=\"twitter:data1\" content=\"Sergio\" \/>\n\t<meta name=\"twitter:label2\" content=\"Tempo di lettura stimato\" \/>\n\t<meta name=\"twitter:data2\" content=\"1 minuto\" \/>\n<script type=\"application\/ld+json\" class=\"yoast-schema-graph\">{\"@context\":\"https:\\\/\\\/schema.org\",\"@graph\":[{\"@type\":\"Article\",\"@id\":\"https:\\\/\\\/www.2minuti.it\\\/ilblog\\\/se-vuoi-la-democrazia\\\/#article\",\"isPartOf\":{\"@id\":\"https:\\\/\\\/www.2minuti.it\\\/ilblog\\\/se-vuoi-la-democrazia\\\/\"},\"author\":{\"name\":\"Sergio\",\"@id\":\"https:\\\/\\\/www.2minuti.it\\\/ilblog\\\/#\\\/schema\\\/person\\\/1aab47ab21092e56ee1918315359ed36\"},\"headline\":\"Se proprio vuoi la democrazia&#8230;\",\"datePublished\":\"2016-12-12T21:09:46+00:00\",\"dateModified\":\"2016-12-13T06:41:02+00:00\",\"mainEntityOfPage\":{\"@id\":\"https:\\\/\\\/www.2minuti.it\\\/ilblog\\\/se-vuoi-la-democrazia\\\/\"},\"wordCount\":197,\"commentCount\":0,\"publisher\":{\"@id\":\"https:\\\/\\\/www.2minuti.it\\\/ilblog\\\/#organization\"},\"image\":{\"@id\":\"https:\\\/\\\/www.2minuti.it\\\/ilblog\\\/se-vuoi-la-democrazia\\\/#primaryimage\"},\"thumbnailUrl\":\"https:\\\/\\\/www.2minuti.it\\\/ilblog\\\/wp-content\\\/uploads\\\/2016\\\/12\\\/democrazia.jpg\",\"keywords\":[\"anarchia\",\"condominio\",\"democrazia\",\"politica\"],\"articleSection\":[\"Dailylife\"],\"inLanguage\":\"it-IT\",\"potentialAction\":[{\"@type\":\"CommentAction\",\"name\":\"Comment\",\"target\":[\"https:\\\/\\\/www.2minuti.it\\\/ilblog\\\/se-vuoi-la-democrazia\\\/#respond\"]}]},{\"@type\":\"WebPage\",\"@id\":\"https:\\\/\\\/www.2minuti.it\\\/ilblog\\\/se-vuoi-la-democrazia\\\/\",\"url\":\"https:\\\/\\\/www.2minuti.it\\\/ilblog\\\/se-vuoi-la-democrazia\\\/\",\"name\":\"Democrazia: sicuri di volerla fino in fondo? Riflettiamo 2 minuti?\",\"isPartOf\":{\"@id\":\"https:\\\/\\\/www.2minuti.it\\\/ilblog\\\/#website\"},\"primaryImageOfPage\":{\"@id\":\"https:\\\/\\\/www.2minuti.it\\\/ilblog\\\/se-vuoi-la-democrazia\\\/#primaryimage\"},\"image\":{\"@id\":\"https:\\\/\\\/www.2minuti.it\\\/ilblog\\\/se-vuoi-la-democrazia\\\/#primaryimage\"},\"thumbnailUrl\":\"https:\\\/\\\/www.2minuti.it\\\/ilblog\\\/wp-content\\\/uploads\\\/2016\\\/12\\\/democrazia.jpg\",\"datePublished\":\"2016-12-12T21:09:46+00:00\",\"dateModified\":\"2016-12-13T06:41:02+00:00\",\"description\":\"Siete proprio tutti sicuri d'essere dei veri sostenitori della democrazia? Potrebbe essere che la parola giusta per definire il vostro pensiero sia...\",\"breadcrumb\":{\"@id\":\"https:\\\/\\\/www.2minuti.it\\\/ilblog\\\/se-vuoi-la-democrazia\\\/#breadcrumb\"},\"inLanguage\":\"it-IT\",\"potentialAction\":[{\"@type\":\"ReadAction\",\"target\":[\"https:\\\/\\\/www.2minuti.it\\\/ilblog\\\/se-vuoi-la-democrazia\\\/\"]}]},{\"@type\":\"ImageObject\",\"inLanguage\":\"it-IT\",\"@id\":\"https:\\\/\\\/www.2minuti.it\\\/ilblog\\\/se-vuoi-la-democrazia\\\/#primaryimage\",\"url\":\"https:\\\/\\\/www.2minuti.it\\\/ilblog\\\/wp-content\\\/uploads\\\/2016\\\/12\\\/democrazia.jpg\",\"contentUrl\":\"https:\\\/\\\/www.2minuti.it\\\/ilblog\\\/wp-content\\\/uploads\\\/2016\\\/12\\\/democrazia.jpg\",\"width\":3292,\"height\":1530,\"caption\":\"democrazia\"},{\"@type\":\"BreadcrumbList\",\"@id\":\"https:\\\/\\\/www.2minuti.it\\\/ilblog\\\/se-vuoi-la-democrazia\\\/#breadcrumb\",\"itemListElement\":[{\"@type\":\"ListItem\",\"position\":1,\"name\":\"Home\",\"item\":\"https:\\\/\\\/www.2minuti.it\\\/ilblog\\\/\"},{\"@type\":\"ListItem\",\"position\":2,\"name\":\"Se proprio vuoi la democrazia&#8230;\"}]},{\"@type\":\"WebSite\",\"@id\":\"https:\\\/\\\/www.2minuti.it\\\/ilblog\\\/#website\",\"url\":\"https:\\\/\\\/www.2minuti.it\\\/ilblog\\\/\",\"name\":\"2 minuti\",\"description\":\"Son sabbia i minuti (Charles Baudelaire)\",\"publisher\":{\"@id\":\"https:\\\/\\\/www.2minuti.it\\\/ilblog\\\/#organization\"},\"potentialAction\":[{\"@type\":\"SearchAction\",\"target\":{\"@type\":\"EntryPoint\",\"urlTemplate\":\"https:\\\/\\\/www.2minuti.it\\\/ilblog\\\/?s={search_term_string}\"},\"query-input\":{\"@type\":\"PropertyValueSpecification\",\"valueRequired\":true,\"valueName\":\"search_term_string\"}}],\"inLanguage\":\"it-IT\"},{\"@type\":\"Organization\",\"@id\":\"https:\\\/\\\/www.2minuti.it\\\/ilblog\\\/#organization\",\"name\":\"2 minuti\",\"url\":\"https:\\\/\\\/www.2minuti.it\\\/ilblog\\\/\",\"logo\":{\"@type\":\"ImageObject\",\"inLanguage\":\"it-IT\",\"@id\":\"https:\\\/\\\/www.2minuti.it\\\/ilblog\\\/#\\\/schema\\\/logo\\\/image\\\/\",\"url\":\"https:\\\/\\\/www.2minuti.it\\\/ilblog\\\/wp-content\\\/uploads\\\/2016\\\/08\\\/sergio-100.png\",\"contentUrl\":\"https:\\\/\\\/www.2minuti.it\\\/ilblog\\\/wp-content\\\/uploads\\\/2016\\\/08\\\/sergio-100.png\",\"width\":100,\"height\":100,\"caption\":\"2 minuti\"},\"image\":{\"@id\":\"https:\\\/\\\/www.2minuti.it\\\/ilblog\\\/#\\\/schema\\\/logo\\\/image\\\/\"},\"sameAs\":[\"https:\\\/\\\/www.facebook.com\\\/Sergionline\",\"https:\\\/\\\/x.com\\\/Sergiontw\",\"https:\\\/\\\/www.linkedin.com\\\/in\\\/sergio-nuzzo-45647233\",\"https:\\\/\\\/www.youtube.com\\\/channel\\\/UCyKOEznfP8LsDTRAu4GTAdA\"]},{\"@type\":\"Person\",\"@id\":\"https:\\\/\\\/www.2minuti.it\\\/ilblog\\\/#\\\/schema\\\/person\\\/1aab47ab21092e56ee1918315359ed36\",\"name\":\"Sergio\",\"image\":{\"@type\":\"ImageObject\",\"inLanguage\":\"it-IT\",\"@id\":\"https:\\\/\\\/secure.gravatar.com\\\/avatar\\\/efeeeca169e26cb50add21e8f0bacb132030eaf7d1560f755a7a50acdfc58799?s=96&d=mm&r=g\",\"url\":\"https:\\\/\\\/secure.gravatar.com\\\/avatar\\\/efeeeca169e26cb50add21e8f0bacb132030eaf7d1560f755a7a50acdfc58799?s=96&d=mm&r=g\",\"contentUrl\":\"https:\\\/\\\/secure.gravatar.com\\\/avatar\\\/efeeeca169e26cb50add21e8f0bacb132030eaf7d1560f755a7a50acdfc58799?s=96&d=mm&r=g\",\"caption\":\"Sergio\"},\"sameAs\":[\"http:\\\/\\\/www.2minuti.it\"]}]}<\/script>\n<!-- \/ Yoast SEO plugin. -->","yoast_head_json":{"title":"Democrazia: sicuri di volerla fino in fondo? Riflettiamo 2 minuti?","description":"Siete proprio tutti sicuri d'essere dei veri sostenitori della democrazia? Potrebbe essere che la parola giusta per definire il vostro pensiero sia...","robots":{"index":"index","follow":"follow","max-snippet":"max-snippet:-1","max-image-preview":"max-image-preview:large","max-video-preview":"max-video-preview:-1"},"canonical":"https:\/\/www.2minuti.it\/ilblog\/se-vuoi-la-democrazia\/","og_locale":"it_IT","og_type":"article","og_title":"Democrazia: sicuri di volerla fino in fondo? Riflettiamo 2 minuti?","og_description":"Siete proprio tutti sicuri d'essere dei veri sostenitori della democrazia? Potrebbe essere che la parola giusta per definire il vostro pensiero sia...","og_url":"https:\/\/www.2minuti.it\/ilblog\/se-vuoi-la-democrazia\/","og_site_name":"2 minuti","article_publisher":"https:\/\/www.facebook.com\/Sergionline","article_published_time":"2016-12-12T21:09:46+00:00","article_modified_time":"2016-12-13T06:41:02+00:00","og_image":[{"width":3292,"height":1530,"url":"https:\/\/www.2minuti.it\/ilblog\/wp-content\/uploads\/2016\/12\/democrazia.jpg","type":"image\/jpeg"}],"author":"Sergio","twitter_card":"summary_large_image","twitter_creator":"@Sergiontw","twitter_site":"@Sergiontw","twitter_misc":{"Scritto da":"Sergio","Tempo di lettura stimato":"1 minuto"},"schema":{"@context":"https:\/\/schema.org","@graph":[{"@type":"Article","@id":"https:\/\/www.2minuti.it\/ilblog\/se-vuoi-la-democrazia\/#article","isPartOf":{"@id":"https:\/\/www.2minuti.it\/ilblog\/se-vuoi-la-democrazia\/"},"author":{"name":"Sergio","@id":"https:\/\/www.2minuti.it\/ilblog\/#\/schema\/person\/1aab47ab21092e56ee1918315359ed36"},"headline":"Se proprio vuoi la democrazia&#8230;","datePublished":"2016-12-12T21:09:46+00:00","dateModified":"2016-12-13T06:41:02+00:00","mainEntityOfPage":{"@id":"https:\/\/www.2minuti.it\/ilblog\/se-vuoi-la-democrazia\/"},"wordCount":197,"commentCount":0,"publisher":{"@id":"https:\/\/www.2minuti.it\/ilblog\/#organization"},"image":{"@id":"https:\/\/www.2minuti.it\/ilblog\/se-vuoi-la-democrazia\/#primaryimage"},"thumbnailUrl":"https:\/\/www.2minuti.it\/ilblog\/wp-content\/uploads\/2016\/12\/democrazia.jpg","keywords":["anarchia","condominio","democrazia","politica"],"articleSection":["Dailylife"],"inLanguage":"it-IT","potentialAction":[{"@type":"CommentAction","name":"Comment","target":["https:\/\/www.2minuti.it\/ilblog\/se-vuoi-la-democrazia\/#respond"]}]},{"@type":"WebPage","@id":"https:\/\/www.2minuti.it\/ilblog\/se-vuoi-la-democrazia\/","url":"https:\/\/www.2minuti.it\/ilblog\/se-vuoi-la-democrazia\/","name":"Democrazia: sicuri di volerla fino in fondo? Riflettiamo 2 minuti?","isPartOf":{"@id":"https:\/\/www.2minuti.it\/ilblog\/#website"},"primaryImageOfPage":{"@id":"https:\/\/www.2minuti.it\/ilblog\/se-vuoi-la-democrazia\/#primaryimage"},"image":{"@id":"https:\/\/www.2minuti.it\/ilblog\/se-vuoi-la-democrazia\/#primaryimage"},"thumbnailUrl":"https:\/\/www.2minuti.it\/ilblog\/wp-content\/uploads\/2016\/12\/democrazia.jpg","datePublished":"2016-12-12T21:09:46+00:00","dateModified":"2016-12-13T06:41:02+00:00","description":"Siete proprio tutti sicuri d'essere dei veri sostenitori della democrazia? Potrebbe essere che la parola giusta per definire il vostro pensiero sia...","breadcrumb":{"@id":"https:\/\/www.2minuti.it\/ilblog\/se-vuoi-la-democrazia\/#breadcrumb"},"inLanguage":"it-IT","potentialAction":[{"@type":"ReadAction","target":["https:\/\/www.2minuti.it\/ilblog\/se-vuoi-la-democrazia\/"]}]},{"@type":"ImageObject","inLanguage":"it-IT","@id":"https:\/\/www.2minuti.it\/ilblog\/se-vuoi-la-democrazia\/#primaryimage","url":"https:\/\/www.2minuti.it\/ilblog\/wp-content\/uploads\/2016\/12\/democrazia.jpg","contentUrl":"https:\/\/www.2minuti.it\/ilblog\/wp-content\/uploads\/2016\/12\/democrazia.jpg","width":3292,"height":1530,"caption":"democrazia"},{"@type":"BreadcrumbList","@id":"https:\/\/www.2minuti.it\/ilblog\/se-vuoi-la-democrazia\/#breadcrumb","itemListElement":[{"@type":"ListItem","position":1,"name":"Home","item":"https:\/\/www.2minuti.it\/ilblog\/"},{"@type":"ListItem","position":2,"name":"Se proprio vuoi la democrazia&#8230;"}]},{"@type":"WebSite","@id":"https:\/\/www.2minuti.it\/ilblog\/#website","url":"https:\/\/www.2minuti.it\/ilblog\/","name":"2 minuti","description":"Son sabbia i minuti (Charles Baudelaire)","publisher":{"@id":"https:\/\/www.2minuti.it\/ilblog\/#organization"},"potentialAction":[{"@type":"SearchAction","target":{"@type":"EntryPoint","urlTemplate":"https:\/\/www.2minuti.it\/ilblog\/?s={search_term_string}"},"query-input":{"@type":"PropertyValueSpecification","valueRequired":true,"valueName":"search_term_string"}}],"inLanguage":"it-IT"},{"@type":"Organization","@id":"https:\/\/www.2minuti.it\/ilblog\/#organization","name":"2 minuti","url":"https:\/\/www.2minuti.it\/ilblog\/","logo":{"@type":"ImageObject","inLanguage":"it-IT","@id":"https:\/\/www.2minuti.it\/ilblog\/#\/schema\/logo\/image\/","url":"https:\/\/www.2minuti.it\/ilblog\/wp-content\/uploads\/2016\/08\/sergio-100.png","contentUrl":"https:\/\/www.2minuti.it\/ilblog\/wp-content\/uploads\/2016\/08\/sergio-100.png","width":100,"height":100,"caption":"2 minuti"},"image":{"@id":"https:\/\/www.2minuti.it\/ilblog\/#\/schema\/logo\/image\/"},"sameAs":["https:\/\/www.facebook.com\/Sergionline","https:\/\/x.com\/Sergiontw","https:\/\/www.linkedin.com\/in\/sergio-nuzzo-45647233","https:\/\/www.youtube.com\/channel\/UCyKOEznfP8LsDTRAu4GTAdA"]},{"@type":"Person","@id":"https:\/\/www.2minuti.it\/ilblog\/#\/schema\/person\/1aab47ab21092e56ee1918315359ed36","name":"Sergio","image":{"@type":"ImageObject","inLanguage":"it-IT","@id":"https:\/\/secure.gravatar.com\/avatar\/efeeeca169e26cb50add21e8f0bacb132030eaf7d1560f755a7a50acdfc58799?s=96&d=mm&r=g","url":"https:\/\/secure.gravatar.com\/avatar\/efeeeca169e26cb50add21e8f0bacb132030eaf7d1560f755a7a50acdfc58799?s=96&d=mm&r=g","contentUrl":"https:\/\/secure.gravatar.com\/avatar\/efeeeca169e26cb50add21e8f0bacb132030eaf7d1560f755a7a50acdfc58799?s=96&d=mm&r=g","caption":"Sergio"},"sameAs":["http:\/\/www.2minuti.it"]}]}},"_links":{"self":[{"href":"https:\/\/www.2minuti.it\/ilblog\/wp-json\/wp\/v2\/posts\/560","targetHints":{"allow":["GET"]}}],"collection":[{"href":"https:\/\/www.2minuti.it\/ilblog\/wp-json\/wp\/v2\/posts"}],"about":[{"href":"https:\/\/www.2minuti.it\/ilblog\/wp-json\/wp\/v2\/types\/post"}],"author":[{"embeddable":true,"href":"https:\/\/www.2minuti.it\/ilblog\/wp-json\/wp\/v2\/users\/1"}],"replies":[{"embeddable":true,"href":"https:\/\/www.2minuti.it\/ilblog\/wp-json\/wp\/v2\/comments?post=560"}],"version-history":[{"count":2,"href":"https:\/\/www.2minuti.it\/ilblog\/wp-json\/wp\/v2\/posts\/560\/revisions"}],"predecessor-version":[{"id":563,"href":"https:\/\/www.2minuti.it\/ilblog\/wp-json\/wp\/v2\/posts\/560\/revisions\/563"}],"wp:featuredmedia":[{"embeddable":true,"href":"https:\/\/www.2minuti.it\/ilblog\/wp-json\/wp\/v2\/media\/561"}],"wp:attachment":[{"href":"https:\/\/www.2minuti.it\/ilblog\/wp-json\/wp\/v2\/media?parent=560"}],"wp:term":[{"taxonomy":"category","embeddable":true,"href":"https:\/\/www.2minuti.it\/ilblog\/wp-json\/wp\/v2\/categories?post=560"},{"taxonomy":"post_tag","embeddable":true,"href":"https:\/\/www.2minuti.it\/ilblog\/wp-json\/wp\/v2\/tags?post=560"}],"curies":[{"name":"wp","href":"https:\/\/api.w.org\/{rel}","templated":true}]}}