{"id":417,"date":"2016-08-03T21:45:17","date_gmt":"2016-08-03T19:45:17","guid":{"rendered":"http:\/\/www.2minuti.it\/ilblog\/?p=417"},"modified":"2016-08-03T21:45:17","modified_gmt":"2016-08-03T19:45:17","slug":"indignati","status":"publish","type":"post","link":"https:\/\/www.2minuti.it\/ilblog\/indignati\/","title":{"rendered":"Indignati"},"content":{"rendered":"<p>La parola di oggi \u00e8 &#8220;indignarsi&#8221;.<\/p>\n<p>Ai telegiornali si parla di stragi e i capi di Stato si indignano. Va tanto di moda il femminicidio e tutti i VIP stanno l\u00ec pronti per indignarsi a ogni nuovo necrologio. La gente parcheggia in seconda fila e i passanti guardano schifati, indignandosi.<\/p>\n<p>L&#8217;indignazione \u00e8 il vivo risentimento che si prova per ci\u00f2 che si ritiene indegno, riprovevole, ingiusto. Una bella emozione, insomma: se ci si indigna allora si \u00e8 in grado di discernere tra ci\u00f2 che \u00e8 giusto e ci\u00f2 che \u00e8 sbagliato. Il mio problema \u00e8 che, per quanto sia un inguaribile ottimista, quando vedo la gente indignata mi viene un insopportabile tarlo&#8230; e mi chiedo: non sar\u00e0 che indignarsi \u00e8 pi\u00f9 facile che intervenire?<\/p>\n<p>Io penso &#8220;vedo uno che sta parcheggiando in seconda fila, intervengo e gli faccio notare che blocca la strada&#8221; mentre chi si indigna mi dice che &#8220;mica \u00e8 compito mio farlo senn\u00f2 che ci stanno a fare i vigili?&#8221;. Cos\u00ec rimango dalla parte di chi interviene, guardando con un certo disappunto chi si limita a indignarsi, sentendomi frequentemente come il Don Chisciotte di Guccini.<\/p>\n","protected":false},"excerpt":{"rendered":"<p>La parola di oggi \u00e8 &#8220;indignarsi&#8221;. Ai telegiornali si parla di stragi e i capi di Stato si indignano. Va<\/p>\n","protected":false},"author":1,"featured_media":418,"comment_status":"open","ping_status":"closed","sticky":false,"template":"","format":"standard","meta":{"colormag_page_container_layout":"default_layout","colormag_page_sidebar_layout":"default_layout","footnotes":""},"categories":[6],"tags":[306,307,305,304,303],"class_list":["post-417","post","type-post","status-publish","format-standard","has-post-thumbnail","hentry","category-dailylife","tag-bologna","tag-femminicidio","tag-indignarsi","tag-indignazione","tag-infrazioni"],"yoast_head":"<!-- This site is optimized with the Yoast SEO plugin v27.4 - https:\/\/yoast.com\/product\/yoast-seo-wordpress\/ -->\n<title>Indignati - 2 minuti<\/title>\n<meta name=\"robots\" content=\"index, follow, max-snippet:-1, max-image-preview:large, max-video-preview:-1\" \/>\n<link rel=\"canonical\" href=\"https:\/\/www.2minuti.it\/ilblog\/indignati\/\" \/>\n<meta property=\"og:locale\" content=\"it_IT\" \/>\n<meta property=\"og:type\" content=\"article\" \/>\n<meta property=\"og:title\" content=\"Indignati - 2 minuti\" \/>\n<meta property=\"og:description\" content=\"La parola di oggi \u00e8 &#8220;indignarsi&#8221;. Ai telegiornali si parla di stragi e i capi di Stato si indignano. Va\" \/>\n<meta property=\"og:url\" content=\"https:\/\/www.2minuti.it\/ilblog\/indignati\/\" \/>\n<meta property=\"og:site_name\" content=\"2 minuti\" \/>\n<meta property=\"article:publisher\" content=\"https:\/\/www.facebook.com\/Sergionline\" \/>\n<meta property=\"article:published_time\" content=\"2016-08-03T19:45:17+00:00\" \/>\n<meta property=\"og:image\" content=\"https:\/\/www.2minuti.it\/ilblog\/wp-content\/uploads\/2016\/08\/don_chisciotte-e1471956532257.jpg\" \/>\n\t<meta property=\"og:image:width\" content=\"1280\" \/>\n\t<meta property=\"og:image:height\" content=\"720\" \/>\n\t<meta property=\"og:image:type\" content=\"image\/jpeg\" \/>\n<meta name=\"author\" content=\"Sergio\" \/>\n<meta name=\"twitter:card\" content=\"summary_large_image\" \/>\n<meta name=\"twitter:creator\" content=\"@Sergiontw\" \/>\n<meta name=\"twitter:site\" content=\"@Sergiontw\" \/>\n<meta name=\"twitter:label1\" content=\"Scritto da\" \/>\n\t<meta name=\"twitter:data1\" content=\"Sergio\" \/>\n\t<meta name=\"twitter:label2\" content=\"Tempo di lettura stimato\" \/>\n\t<meta name=\"twitter:data2\" content=\"1 minuto\" \/>\n<script type=\"application\/ld+json\" class=\"yoast-schema-graph\">{\"@context\":\"https:\\\/\\\/schema.org\",\"@graph\":[{\"@type\":\"Article\",\"@id\":\"https:\\\/\\\/www.2minuti.it\\\/ilblog\\\/indignati\\\/#article\",\"isPartOf\":{\"@id\":\"https:\\\/\\\/www.2minuti.it\\\/ilblog\\\/indignati\\\/\"},\"author\":{\"name\":\"Sergio\",\"@id\":\"https:\\\/\\\/www.2minuti.it\\\/ilblog\\\/#\\\/schema\\\/person\\\/1aab47ab21092e56ee1918315359ed36\"},\"headline\":\"Indignati\",\"datePublished\":\"2016-08-03T19:45:17+00:00\",\"mainEntityOfPage\":{\"@id\":\"https:\\\/\\\/www.2minuti.it\\\/ilblog\\\/indignati\\\/\"},\"wordCount\":181,\"commentCount\":3,\"publisher\":{\"@id\":\"https:\\\/\\\/www.2minuti.it\\\/ilblog\\\/#organization\"},\"image\":{\"@id\":\"https:\\\/\\\/www.2minuti.it\\\/ilblog\\\/indignati\\\/#primaryimage\"},\"thumbnailUrl\":\"https:\\\/\\\/www.2minuti.it\\\/ilblog\\\/wp-content\\\/uploads\\\/2016\\\/08\\\/don_chisciotte-e1471956532257.jpg\",\"keywords\":[\"Bologna\",\"femminicidio\",\"indignarsi\",\"indignazione\",\"infrazioni\"],\"articleSection\":[\"Dailylife\"],\"inLanguage\":\"it-IT\",\"potentialAction\":[{\"@type\":\"CommentAction\",\"name\":\"Comment\",\"target\":[\"https:\\\/\\\/www.2minuti.it\\\/ilblog\\\/indignati\\\/#respond\"]}]},{\"@type\":\"WebPage\",\"@id\":\"https:\\\/\\\/www.2minuti.it\\\/ilblog\\\/indignati\\\/\",\"url\":\"https:\\\/\\\/www.2minuti.it\\\/ilblog\\\/indignati\\\/\",\"name\":\"Indignati - 2 minuti\",\"isPartOf\":{\"@id\":\"https:\\\/\\\/www.2minuti.it\\\/ilblog\\\/#website\"},\"primaryImageOfPage\":{\"@id\":\"https:\\\/\\\/www.2minuti.it\\\/ilblog\\\/indignati\\\/#primaryimage\"},\"image\":{\"@id\":\"https:\\\/\\\/www.2minuti.it\\\/ilblog\\\/indignati\\\/#primaryimage\"},\"thumbnailUrl\":\"https:\\\/\\\/www.2minuti.it\\\/ilblog\\\/wp-content\\\/uploads\\\/2016\\\/08\\\/don_chisciotte-e1471956532257.jpg\",\"datePublished\":\"2016-08-03T19:45:17+00:00\",\"breadcrumb\":{\"@id\":\"https:\\\/\\\/www.2minuti.it\\\/ilblog\\\/indignati\\\/#breadcrumb\"},\"inLanguage\":\"it-IT\",\"potentialAction\":[{\"@type\":\"ReadAction\",\"target\":[\"https:\\\/\\\/www.2minuti.it\\\/ilblog\\\/indignati\\\/\"]}]},{\"@type\":\"ImageObject\",\"inLanguage\":\"it-IT\",\"@id\":\"https:\\\/\\\/www.2minuti.it\\\/ilblog\\\/indignati\\\/#primaryimage\",\"url\":\"https:\\\/\\\/www.2minuti.it\\\/ilblog\\\/wp-content\\\/uploads\\\/2016\\\/08\\\/don_chisciotte-e1471956532257.jpg\",\"contentUrl\":\"https:\\\/\\\/www.2minuti.it\\\/ilblog\\\/wp-content\\\/uploads\\\/2016\\\/08\\\/don_chisciotte-e1471956532257.jpg\",\"width\":1280,\"height\":720},{\"@type\":\"BreadcrumbList\",\"@id\":\"https:\\\/\\\/www.2minuti.it\\\/ilblog\\\/indignati\\\/#breadcrumb\",\"itemListElement\":[{\"@type\":\"ListItem\",\"position\":1,\"name\":\"Home\",\"item\":\"https:\\\/\\\/www.2minuti.it\\\/ilblog\\\/\"},{\"@type\":\"ListItem\",\"position\":2,\"name\":\"Indignati\"}]},{\"@type\":\"WebSite\",\"@id\":\"https:\\\/\\\/www.2minuti.it\\\/ilblog\\\/#website\",\"url\":\"https:\\\/\\\/www.2minuti.it\\\/ilblog\\\/\",\"name\":\"2 minuti\",\"description\":\"Son sabbia i minuti (Charles Baudelaire)\",\"publisher\":{\"@id\":\"https:\\\/\\\/www.2minuti.it\\\/ilblog\\\/#organization\"},\"potentialAction\":[{\"@type\":\"SearchAction\",\"target\":{\"@type\":\"EntryPoint\",\"urlTemplate\":\"https:\\\/\\\/www.2minuti.it\\\/ilblog\\\/?s={search_term_string}\"},\"query-input\":{\"@type\":\"PropertyValueSpecification\",\"valueRequired\":true,\"valueName\":\"search_term_string\"}}],\"inLanguage\":\"it-IT\"},{\"@type\":\"Organization\",\"@id\":\"https:\\\/\\\/www.2minuti.it\\\/ilblog\\\/#organization\",\"name\":\"2 minuti\",\"url\":\"https:\\\/\\\/www.2minuti.it\\\/ilblog\\\/\",\"logo\":{\"@type\":\"ImageObject\",\"inLanguage\":\"it-IT\",\"@id\":\"https:\\\/\\\/www.2minuti.it\\\/ilblog\\\/#\\\/schema\\\/logo\\\/image\\\/\",\"url\":\"https:\\\/\\\/www.2minuti.it\\\/ilblog\\\/wp-content\\\/uploads\\\/2016\\\/08\\\/sergio-100.png\",\"contentUrl\":\"https:\\\/\\\/www.2minuti.it\\\/ilblog\\\/wp-content\\\/uploads\\\/2016\\\/08\\\/sergio-100.png\",\"width\":100,\"height\":100,\"caption\":\"2 minuti\"},\"image\":{\"@id\":\"https:\\\/\\\/www.2minuti.it\\\/ilblog\\\/#\\\/schema\\\/logo\\\/image\\\/\"},\"sameAs\":[\"https:\\\/\\\/www.facebook.com\\\/Sergionline\",\"https:\\\/\\\/x.com\\\/Sergiontw\",\"https:\\\/\\\/www.linkedin.com\\\/in\\\/sergio-nuzzo-45647233\",\"https:\\\/\\\/www.youtube.com\\\/channel\\\/UCyKOEznfP8LsDTRAu4GTAdA\"]},{\"@type\":\"Person\",\"@id\":\"https:\\\/\\\/www.2minuti.it\\\/ilblog\\\/#\\\/schema\\\/person\\\/1aab47ab21092e56ee1918315359ed36\",\"name\":\"Sergio\",\"image\":{\"@type\":\"ImageObject\",\"inLanguage\":\"it-IT\",\"@id\":\"https:\\\/\\\/secure.gravatar.com\\\/avatar\\\/efeeeca169e26cb50add21e8f0bacb132030eaf7d1560f755a7a50acdfc58799?s=96&d=mm&r=g\",\"url\":\"https:\\\/\\\/secure.gravatar.com\\\/avatar\\\/efeeeca169e26cb50add21e8f0bacb132030eaf7d1560f755a7a50acdfc58799?s=96&d=mm&r=g\",\"contentUrl\":\"https:\\\/\\\/secure.gravatar.com\\\/avatar\\\/efeeeca169e26cb50add21e8f0bacb132030eaf7d1560f755a7a50acdfc58799?s=96&d=mm&r=g\",\"caption\":\"Sergio\"},\"sameAs\":[\"http:\\\/\\\/www.2minuti.it\"]}]}<\/script>\n<!-- \/ Yoast SEO plugin. -->","yoast_head_json":{"title":"Indignati - 2 minuti","robots":{"index":"index","follow":"follow","max-snippet":"max-snippet:-1","max-image-preview":"max-image-preview:large","max-video-preview":"max-video-preview:-1"},"canonical":"https:\/\/www.2minuti.it\/ilblog\/indignati\/","og_locale":"it_IT","og_type":"article","og_title":"Indignati - 2 minuti","og_description":"La parola di oggi \u00e8 &#8220;indignarsi&#8221;. Ai telegiornali si parla di stragi e i capi di Stato si indignano. Va","og_url":"https:\/\/www.2minuti.it\/ilblog\/indignati\/","og_site_name":"2 minuti","article_publisher":"https:\/\/www.facebook.com\/Sergionline","article_published_time":"2016-08-03T19:45:17+00:00","og_image":[{"width":1280,"height":720,"url":"https:\/\/www.2minuti.it\/ilblog\/wp-content\/uploads\/2016\/08\/don_chisciotte-e1471956532257.jpg","type":"image\/jpeg"}],"author":"Sergio","twitter_card":"summary_large_image","twitter_creator":"@Sergiontw","twitter_site":"@Sergiontw","twitter_misc":{"Scritto da":"Sergio","Tempo di lettura stimato":"1 minuto"},"schema":{"@context":"https:\/\/schema.org","@graph":[{"@type":"Article","@id":"https:\/\/www.2minuti.it\/ilblog\/indignati\/#article","isPartOf":{"@id":"https:\/\/www.2minuti.it\/ilblog\/indignati\/"},"author":{"name":"Sergio","@id":"https:\/\/www.2minuti.it\/ilblog\/#\/schema\/person\/1aab47ab21092e56ee1918315359ed36"},"headline":"Indignati","datePublished":"2016-08-03T19:45:17+00:00","mainEntityOfPage":{"@id":"https:\/\/www.2minuti.it\/ilblog\/indignati\/"},"wordCount":181,"commentCount":3,"publisher":{"@id":"https:\/\/www.2minuti.it\/ilblog\/#organization"},"image":{"@id":"https:\/\/www.2minuti.it\/ilblog\/indignati\/#primaryimage"},"thumbnailUrl":"https:\/\/www.2minuti.it\/ilblog\/wp-content\/uploads\/2016\/08\/don_chisciotte-e1471956532257.jpg","keywords":["Bologna","femminicidio","indignarsi","indignazione","infrazioni"],"articleSection":["Dailylife"],"inLanguage":"it-IT","potentialAction":[{"@type":"CommentAction","name":"Comment","target":["https:\/\/www.2minuti.it\/ilblog\/indignati\/#respond"]}]},{"@type":"WebPage","@id":"https:\/\/www.2minuti.it\/ilblog\/indignati\/","url":"https:\/\/www.2minuti.it\/ilblog\/indignati\/","name":"Indignati - 2 minuti","isPartOf":{"@id":"https:\/\/www.2minuti.it\/ilblog\/#website"},"primaryImageOfPage":{"@id":"https:\/\/www.2minuti.it\/ilblog\/indignati\/#primaryimage"},"image":{"@id":"https:\/\/www.2minuti.it\/ilblog\/indignati\/#primaryimage"},"thumbnailUrl":"https:\/\/www.2minuti.it\/ilblog\/wp-content\/uploads\/2016\/08\/don_chisciotte-e1471956532257.jpg","datePublished":"2016-08-03T19:45:17+00:00","breadcrumb":{"@id":"https:\/\/www.2minuti.it\/ilblog\/indignati\/#breadcrumb"},"inLanguage":"it-IT","potentialAction":[{"@type":"ReadAction","target":["https:\/\/www.2minuti.it\/ilblog\/indignati\/"]}]},{"@type":"ImageObject","inLanguage":"it-IT","@id":"https:\/\/www.2minuti.it\/ilblog\/indignati\/#primaryimage","url":"https:\/\/www.2minuti.it\/ilblog\/wp-content\/uploads\/2016\/08\/don_chisciotte-e1471956532257.jpg","contentUrl":"https:\/\/www.2minuti.it\/ilblog\/wp-content\/uploads\/2016\/08\/don_chisciotte-e1471956532257.jpg","width":1280,"height":720},{"@type":"BreadcrumbList","@id":"https:\/\/www.2minuti.it\/ilblog\/indignati\/#breadcrumb","itemListElement":[{"@type":"ListItem","position":1,"name":"Home","item":"https:\/\/www.2minuti.it\/ilblog\/"},{"@type":"ListItem","position":2,"name":"Indignati"}]},{"@type":"WebSite","@id":"https:\/\/www.2minuti.it\/ilblog\/#website","url":"https:\/\/www.2minuti.it\/ilblog\/","name":"2 minuti","description":"Son sabbia i minuti (Charles Baudelaire)","publisher":{"@id":"https:\/\/www.2minuti.it\/ilblog\/#organization"},"potentialAction":[{"@type":"SearchAction","target":{"@type":"EntryPoint","urlTemplate":"https:\/\/www.2minuti.it\/ilblog\/?s={search_term_string}"},"query-input":{"@type":"PropertyValueSpecification","valueRequired":true,"valueName":"search_term_string"}}],"inLanguage":"it-IT"},{"@type":"Organization","@id":"https:\/\/www.2minuti.it\/ilblog\/#organization","name":"2 minuti","url":"https:\/\/www.2minuti.it\/ilblog\/","logo":{"@type":"ImageObject","inLanguage":"it-IT","@id":"https:\/\/www.2minuti.it\/ilblog\/#\/schema\/logo\/image\/","url":"https:\/\/www.2minuti.it\/ilblog\/wp-content\/uploads\/2016\/08\/sergio-100.png","contentUrl":"https:\/\/www.2minuti.it\/ilblog\/wp-content\/uploads\/2016\/08\/sergio-100.png","width":100,"height":100,"caption":"2 minuti"},"image":{"@id":"https:\/\/www.2minuti.it\/ilblog\/#\/schema\/logo\/image\/"},"sameAs":["https:\/\/www.facebook.com\/Sergionline","https:\/\/x.com\/Sergiontw","https:\/\/www.linkedin.com\/in\/sergio-nuzzo-45647233","https:\/\/www.youtube.com\/channel\/UCyKOEznfP8LsDTRAu4GTAdA"]},{"@type":"Person","@id":"https:\/\/www.2minuti.it\/ilblog\/#\/schema\/person\/1aab47ab21092e56ee1918315359ed36","name":"Sergio","image":{"@type":"ImageObject","inLanguage":"it-IT","@id":"https:\/\/secure.gravatar.com\/avatar\/efeeeca169e26cb50add21e8f0bacb132030eaf7d1560f755a7a50acdfc58799?s=96&d=mm&r=g","url":"https:\/\/secure.gravatar.com\/avatar\/efeeeca169e26cb50add21e8f0bacb132030eaf7d1560f755a7a50acdfc58799?s=96&d=mm&r=g","contentUrl":"https:\/\/secure.gravatar.com\/avatar\/efeeeca169e26cb50add21e8f0bacb132030eaf7d1560f755a7a50acdfc58799?s=96&d=mm&r=g","caption":"Sergio"},"sameAs":["http:\/\/www.2minuti.it"]}]}},"_links":{"self":[{"href":"https:\/\/www.2minuti.it\/ilblog\/wp-json\/wp\/v2\/posts\/417","targetHints":{"allow":["GET"]}}],"collection":[{"href":"https:\/\/www.2minuti.it\/ilblog\/wp-json\/wp\/v2\/posts"}],"about":[{"href":"https:\/\/www.2minuti.it\/ilblog\/wp-json\/wp\/v2\/types\/post"}],"author":[{"embeddable":true,"href":"https:\/\/www.2minuti.it\/ilblog\/wp-json\/wp\/v2\/users\/1"}],"replies":[{"embeddable":true,"href":"https:\/\/www.2minuti.it\/ilblog\/wp-json\/wp\/v2\/comments?post=417"}],"version-history":[{"count":1,"href":"https:\/\/www.2minuti.it\/ilblog\/wp-json\/wp\/v2\/posts\/417\/revisions"}],"predecessor-version":[{"id":419,"href":"https:\/\/www.2minuti.it\/ilblog\/wp-json\/wp\/v2\/posts\/417\/revisions\/419"}],"wp:featuredmedia":[{"embeddable":true,"href":"https:\/\/www.2minuti.it\/ilblog\/wp-json\/wp\/v2\/media\/418"}],"wp:attachment":[{"href":"https:\/\/www.2minuti.it\/ilblog\/wp-json\/wp\/v2\/media?parent=417"}],"wp:term":[{"taxonomy":"category","embeddable":true,"href":"https:\/\/www.2minuti.it\/ilblog\/wp-json\/wp\/v2\/categories?post=417"},{"taxonomy":"post_tag","embeddable":true,"href":"https:\/\/www.2minuti.it\/ilblog\/wp-json\/wp\/v2\/tags?post=417"}],"curies":[{"name":"wp","href":"https:\/\/api.w.org\/{rel}","templated":true}]}}