{"id":301,"date":"2015-11-02T13:19:17","date_gmt":"2015-11-02T12:19:17","guid":{"rendered":"http:\/\/www.2minuti.it\/ilblog\/?p=301"},"modified":"2015-11-02T13:19:17","modified_gmt":"2015-11-02T12:19:17","slug":"colpa-dei-social","status":"publish","type":"post","link":"https:\/\/www.2minuti.it\/ilblog\/colpa-dei-social\/","title":{"rendered":"Colpa dei social"},"content":{"rendered":"<p>Al giorno d&#8217;oggi i parla tanto di isolamento dei giovani e di realt\u00e0 distorta dalle esperienze virtuali.<\/p>\n<p>Il padre di ogni demone sembra essere Facebook e il suo mondo di contenuti, video, gattini. Sembra essere stato il social network a far nascere questa a-socialit\u00e0.<\/p>\n<p>In realt\u00e0 il fenomeno del senso di appartenenza \u00e8 studiato da decenni in psicologia e sociologia.\u00a0In sociologia e psicologia sociale si definisce gruppo un insieme di persone che interagiscono le une con le altre, in modo ordinato. L&#8217;ordine col quale si interagisce con gli altri si basa su aspettative condivise riguardanti il rispettivo comportamento: per essere pi\u00f9 chiari, io far\u00f2 gruppo con chi, come me, ama la tecnologia, i telefilm, le storie fantascientifiche e i dolci a base di ricotta. Inevitabilmente ciascuno di noi tende a circondarsi di chi la pensa allo stesso modo, fino a evitare o ignorare lo scontro con chi \u00e8 di parere o gusto avverso.<\/p>\n<p>Se il nostro fratello o il vicino, gomito a gomito con noi, fissa lo smartphone al posto di parlare con noi, forse \u00e8 semplicemente perch\u00e9 dall&#8217;altra parte dello schermo c&#8217;\u00e8 qualcuno che sente pi\u00f9 appartenente al suo gruppo.<a href=\"http:\/\/www.2minuti.it\/ilblog\/wp-content\/uploads\/2015\/11\/1393498285_o-TEEN-SOCIAL-MEDIA-facebook.jpg\" data-rel=\"lightbox-image-0\" data-rl_title=\"\" data-rl_caption=\"\" title=\"\"><img loading=\"lazy\" decoding=\"async\" class=\"aligncenter size-large wp-image-302\" src=\"http:\/\/www.2minuti.it\/ilblog\/wp-content\/uploads\/2015\/11\/1393498285_o-TEEN-SOCIAL-MEDIA-facebook-1024x512.jpg\" alt=\"social\" width=\"634\" height=\"317\" \/><\/a><\/p>\n<p>&nbsp;<\/p>\n","protected":false},"excerpt":{"rendered":"<p>Al giorno d&#8217;oggi i parla tanto di isolamento dei giovani e di realt\u00e0 distorta dalle esperienze virtuali. Il padre di<\/p>\n","protected":false},"author":1,"featured_media":0,"comment_status":"open","ping_status":"closed","sticky":false,"template":"","format":"standard","meta":{"colormag_page_container_layout":"default_layout","colormag_page_sidebar_layout":"default_layout","footnotes":""},"categories":[6],"tags":[214,33,229],"class_list":["post-301","post","type-post","status-publish","format-standard","hentry","category-dailylife","tag-social","tag-sociologia","tag-teenager"],"yoast_head":"<!-- This site is optimized with the Yoast SEO plugin v27.5 - https:\/\/yoast.com\/product\/yoast-seo-wordpress\/ -->\n<title>Colpa dei social - 2 minuti<\/title>\n<meta name=\"robots\" content=\"index, follow, max-snippet:-1, max-image-preview:large, max-video-preview:-1\" \/>\n<link rel=\"canonical\" href=\"https:\/\/www.2minuti.it\/ilblog\/colpa-dei-social\/\" \/>\n<meta property=\"og:locale\" content=\"it_IT\" \/>\n<meta property=\"og:type\" content=\"article\" \/>\n<meta property=\"og:title\" content=\"Colpa dei social - 2 minuti\" \/>\n<meta property=\"og:description\" content=\"Al giorno d&#8217;oggi i parla tanto di isolamento dei giovani e di realt\u00e0 distorta dalle esperienze virtuali. Il padre di\" \/>\n<meta property=\"og:url\" content=\"https:\/\/www.2minuti.it\/ilblog\/colpa-dei-social\/\" \/>\n<meta property=\"og:site_name\" content=\"2 minuti\" \/>\n<meta property=\"article:publisher\" content=\"https:\/\/www.facebook.com\/Sergionline\" \/>\n<meta property=\"article:published_time\" content=\"2015-11-02T12:19:17+00:00\" \/>\n<meta property=\"og:image\" content=\"http:\/\/www.2minuti.it\/ilblog\/wp-content\/uploads\/2015\/11\/1393498285_o-TEEN-SOCIAL-MEDIA-facebook-1024x512.jpg\" \/>\n<meta name=\"author\" content=\"Sergio\" \/>\n<meta name=\"twitter:card\" content=\"summary_large_image\" \/>\n<meta name=\"twitter:creator\" content=\"@Sergiontw\" \/>\n<meta name=\"twitter:site\" content=\"@Sergiontw\" \/>\n<meta name=\"twitter:label1\" content=\"Scritto da\" \/>\n\t<meta name=\"twitter:data1\" content=\"Sergio\" \/>\n\t<meta name=\"twitter:label2\" content=\"Tempo di lettura stimato\" \/>\n\t<meta name=\"twitter:data2\" content=\"1 minuto\" \/>\n<script type=\"application\/ld+json\" class=\"yoast-schema-graph\">{\"@context\":\"https:\\\/\\\/schema.org\",\"@graph\":[{\"@type\":\"Article\",\"@id\":\"https:\\\/\\\/www.2minuti.it\\\/ilblog\\\/colpa-dei-social\\\/#article\",\"isPartOf\":{\"@id\":\"https:\\\/\\\/www.2minuti.it\\\/ilblog\\\/colpa-dei-social\\\/\"},\"author\":{\"name\":\"Sergio\",\"@id\":\"https:\\\/\\\/www.2minuti.it\\\/ilblog\\\/#\\\/schema\\\/person\\\/1aab47ab21092e56ee1918315359ed36\"},\"headline\":\"Colpa dei social\",\"datePublished\":\"2015-11-02T12:19:17+00:00\",\"mainEntityOfPage\":{\"@id\":\"https:\\\/\\\/www.2minuti.it\\\/ilblog\\\/colpa-dei-social\\\/\"},\"wordCount\":193,\"commentCount\":1,\"publisher\":{\"@id\":\"https:\\\/\\\/www.2minuti.it\\\/ilblog\\\/#organization\"},\"image\":{\"@id\":\"https:\\\/\\\/www.2minuti.it\\\/ilblog\\\/colpa-dei-social\\\/#primaryimage\"},\"thumbnailUrl\":\"http:\\\/\\\/www.2minuti.it\\\/ilblog\\\/wp-content\\\/uploads\\\/2015\\\/11\\\/1393498285_o-TEEN-SOCIAL-MEDIA-facebook-1024x512.jpg\",\"keywords\":[\"social\",\"sociologia\",\"teenager\"],\"articleSection\":[\"Dailylife\"],\"inLanguage\":\"it-IT\",\"potentialAction\":[{\"@type\":\"CommentAction\",\"name\":\"Comment\",\"target\":[\"https:\\\/\\\/www.2minuti.it\\\/ilblog\\\/colpa-dei-social\\\/#respond\"]}]},{\"@type\":\"WebPage\",\"@id\":\"https:\\\/\\\/www.2minuti.it\\\/ilblog\\\/colpa-dei-social\\\/\",\"url\":\"https:\\\/\\\/www.2minuti.it\\\/ilblog\\\/colpa-dei-social\\\/\",\"name\":\"Colpa dei social - 2 minuti\",\"isPartOf\":{\"@id\":\"https:\\\/\\\/www.2minuti.it\\\/ilblog\\\/#website\"},\"primaryImageOfPage\":{\"@id\":\"https:\\\/\\\/www.2minuti.it\\\/ilblog\\\/colpa-dei-social\\\/#primaryimage\"},\"image\":{\"@id\":\"https:\\\/\\\/www.2minuti.it\\\/ilblog\\\/colpa-dei-social\\\/#primaryimage\"},\"thumbnailUrl\":\"http:\\\/\\\/www.2minuti.it\\\/ilblog\\\/wp-content\\\/uploads\\\/2015\\\/11\\\/1393498285_o-TEEN-SOCIAL-MEDIA-facebook-1024x512.jpg\",\"datePublished\":\"2015-11-02T12:19:17+00:00\",\"breadcrumb\":{\"@id\":\"https:\\\/\\\/www.2minuti.it\\\/ilblog\\\/colpa-dei-social\\\/#breadcrumb\"},\"inLanguage\":\"it-IT\",\"potentialAction\":[{\"@type\":\"ReadAction\",\"target\":[\"https:\\\/\\\/www.2minuti.it\\\/ilblog\\\/colpa-dei-social\\\/\"]}]},{\"@type\":\"ImageObject\",\"inLanguage\":\"it-IT\",\"@id\":\"https:\\\/\\\/www.2minuti.it\\\/ilblog\\\/colpa-dei-social\\\/#primaryimage\",\"url\":\"http:\\\/\\\/www.2minuti.it\\\/ilblog\\\/wp-content\\\/uploads\\\/2015\\\/11\\\/1393498285_o-TEEN-SOCIAL-MEDIA-facebook-1024x512.jpg\",\"contentUrl\":\"http:\\\/\\\/www.2minuti.it\\\/ilblog\\\/wp-content\\\/uploads\\\/2015\\\/11\\\/1393498285_o-TEEN-SOCIAL-MEDIA-facebook-1024x512.jpg\"},{\"@type\":\"BreadcrumbList\",\"@id\":\"https:\\\/\\\/www.2minuti.it\\\/ilblog\\\/colpa-dei-social\\\/#breadcrumb\",\"itemListElement\":[{\"@type\":\"ListItem\",\"position\":1,\"name\":\"Home\",\"item\":\"https:\\\/\\\/www.2minuti.it\\\/ilblog\\\/\"},{\"@type\":\"ListItem\",\"position\":2,\"name\":\"Colpa dei social\"}]},{\"@type\":\"WebSite\",\"@id\":\"https:\\\/\\\/www.2minuti.it\\\/ilblog\\\/#website\",\"url\":\"https:\\\/\\\/www.2minuti.it\\\/ilblog\\\/\",\"name\":\"2 minuti\",\"description\":\"Son sabbia i minuti (Charles Baudelaire)\",\"publisher\":{\"@id\":\"https:\\\/\\\/www.2minuti.it\\\/ilblog\\\/#organization\"},\"potentialAction\":[{\"@type\":\"SearchAction\",\"target\":{\"@type\":\"EntryPoint\",\"urlTemplate\":\"https:\\\/\\\/www.2minuti.it\\\/ilblog\\\/?s={search_term_string}\"},\"query-input\":{\"@type\":\"PropertyValueSpecification\",\"valueRequired\":true,\"valueName\":\"search_term_string\"}}],\"inLanguage\":\"it-IT\"},{\"@type\":\"Organization\",\"@id\":\"https:\\\/\\\/www.2minuti.it\\\/ilblog\\\/#organization\",\"name\":\"2 minuti\",\"url\":\"https:\\\/\\\/www.2minuti.it\\\/ilblog\\\/\",\"logo\":{\"@type\":\"ImageObject\",\"inLanguage\":\"it-IT\",\"@id\":\"https:\\\/\\\/www.2minuti.it\\\/ilblog\\\/#\\\/schema\\\/logo\\\/image\\\/\",\"url\":\"https:\\\/\\\/www.2minuti.it\\\/ilblog\\\/wp-content\\\/uploads\\\/2016\\\/08\\\/sergio-100.png\",\"contentUrl\":\"https:\\\/\\\/www.2minuti.it\\\/ilblog\\\/wp-content\\\/uploads\\\/2016\\\/08\\\/sergio-100.png\",\"width\":100,\"height\":100,\"caption\":\"2 minuti\"},\"image\":{\"@id\":\"https:\\\/\\\/www.2minuti.it\\\/ilblog\\\/#\\\/schema\\\/logo\\\/image\\\/\"},\"sameAs\":[\"https:\\\/\\\/www.facebook.com\\\/Sergionline\",\"https:\\\/\\\/x.com\\\/Sergiontw\",\"https:\\\/\\\/www.linkedin.com\\\/in\\\/sergio-nuzzo-45647233\",\"https:\\\/\\\/www.youtube.com\\\/channel\\\/UCyKOEznfP8LsDTRAu4GTAdA\"]},{\"@type\":\"Person\",\"@id\":\"https:\\\/\\\/www.2minuti.it\\\/ilblog\\\/#\\\/schema\\\/person\\\/1aab47ab21092e56ee1918315359ed36\",\"name\":\"Sergio\",\"image\":{\"@type\":\"ImageObject\",\"inLanguage\":\"it-IT\",\"@id\":\"https:\\\/\\\/secure.gravatar.com\\\/avatar\\\/efeeeca169e26cb50add21e8f0bacb132030eaf7d1560f755a7a50acdfc58799?s=96&d=mm&r=g\",\"url\":\"https:\\\/\\\/secure.gravatar.com\\\/avatar\\\/efeeeca169e26cb50add21e8f0bacb132030eaf7d1560f755a7a50acdfc58799?s=96&d=mm&r=g\",\"contentUrl\":\"https:\\\/\\\/secure.gravatar.com\\\/avatar\\\/efeeeca169e26cb50add21e8f0bacb132030eaf7d1560f755a7a50acdfc58799?s=96&d=mm&r=g\",\"caption\":\"Sergio\"},\"sameAs\":[\"http:\\\/\\\/www.2minuti.it\"]}]}<\/script>\n<!-- \/ Yoast SEO plugin. -->","yoast_head_json":{"title":"Colpa dei social - 2 minuti","robots":{"index":"index","follow":"follow","max-snippet":"max-snippet:-1","max-image-preview":"max-image-preview:large","max-video-preview":"max-video-preview:-1"},"canonical":"https:\/\/www.2minuti.it\/ilblog\/colpa-dei-social\/","og_locale":"it_IT","og_type":"article","og_title":"Colpa dei social - 2 minuti","og_description":"Al giorno d&#8217;oggi i parla tanto di isolamento dei giovani e di realt\u00e0 distorta dalle esperienze virtuali. Il padre di","og_url":"https:\/\/www.2minuti.it\/ilblog\/colpa-dei-social\/","og_site_name":"2 minuti","article_publisher":"https:\/\/www.facebook.com\/Sergionline","article_published_time":"2015-11-02T12:19:17+00:00","og_image":[{"url":"http:\/\/www.2minuti.it\/ilblog\/wp-content\/uploads\/2015\/11\/1393498285_o-TEEN-SOCIAL-MEDIA-facebook-1024x512.jpg","type":"","width":"","height":""}],"author":"Sergio","twitter_card":"summary_large_image","twitter_creator":"@Sergiontw","twitter_site":"@Sergiontw","twitter_misc":{"Scritto da":"Sergio","Tempo di lettura stimato":"1 minuto"},"schema":{"@context":"https:\/\/schema.org","@graph":[{"@type":"Article","@id":"https:\/\/www.2minuti.it\/ilblog\/colpa-dei-social\/#article","isPartOf":{"@id":"https:\/\/www.2minuti.it\/ilblog\/colpa-dei-social\/"},"author":{"name":"Sergio","@id":"https:\/\/www.2minuti.it\/ilblog\/#\/schema\/person\/1aab47ab21092e56ee1918315359ed36"},"headline":"Colpa dei social","datePublished":"2015-11-02T12:19:17+00:00","mainEntityOfPage":{"@id":"https:\/\/www.2minuti.it\/ilblog\/colpa-dei-social\/"},"wordCount":193,"commentCount":1,"publisher":{"@id":"https:\/\/www.2minuti.it\/ilblog\/#organization"},"image":{"@id":"https:\/\/www.2minuti.it\/ilblog\/colpa-dei-social\/#primaryimage"},"thumbnailUrl":"http:\/\/www.2minuti.it\/ilblog\/wp-content\/uploads\/2015\/11\/1393498285_o-TEEN-SOCIAL-MEDIA-facebook-1024x512.jpg","keywords":["social","sociologia","teenager"],"articleSection":["Dailylife"],"inLanguage":"it-IT","potentialAction":[{"@type":"CommentAction","name":"Comment","target":["https:\/\/www.2minuti.it\/ilblog\/colpa-dei-social\/#respond"]}]},{"@type":"WebPage","@id":"https:\/\/www.2minuti.it\/ilblog\/colpa-dei-social\/","url":"https:\/\/www.2minuti.it\/ilblog\/colpa-dei-social\/","name":"Colpa dei social - 2 minuti","isPartOf":{"@id":"https:\/\/www.2minuti.it\/ilblog\/#website"},"primaryImageOfPage":{"@id":"https:\/\/www.2minuti.it\/ilblog\/colpa-dei-social\/#primaryimage"},"image":{"@id":"https:\/\/www.2minuti.it\/ilblog\/colpa-dei-social\/#primaryimage"},"thumbnailUrl":"http:\/\/www.2minuti.it\/ilblog\/wp-content\/uploads\/2015\/11\/1393498285_o-TEEN-SOCIAL-MEDIA-facebook-1024x512.jpg","datePublished":"2015-11-02T12:19:17+00:00","breadcrumb":{"@id":"https:\/\/www.2minuti.it\/ilblog\/colpa-dei-social\/#breadcrumb"},"inLanguage":"it-IT","potentialAction":[{"@type":"ReadAction","target":["https:\/\/www.2minuti.it\/ilblog\/colpa-dei-social\/"]}]},{"@type":"ImageObject","inLanguage":"it-IT","@id":"https:\/\/www.2minuti.it\/ilblog\/colpa-dei-social\/#primaryimage","url":"http:\/\/www.2minuti.it\/ilblog\/wp-content\/uploads\/2015\/11\/1393498285_o-TEEN-SOCIAL-MEDIA-facebook-1024x512.jpg","contentUrl":"http:\/\/www.2minuti.it\/ilblog\/wp-content\/uploads\/2015\/11\/1393498285_o-TEEN-SOCIAL-MEDIA-facebook-1024x512.jpg"},{"@type":"BreadcrumbList","@id":"https:\/\/www.2minuti.it\/ilblog\/colpa-dei-social\/#breadcrumb","itemListElement":[{"@type":"ListItem","position":1,"name":"Home","item":"https:\/\/www.2minuti.it\/ilblog\/"},{"@type":"ListItem","position":2,"name":"Colpa dei social"}]},{"@type":"WebSite","@id":"https:\/\/www.2minuti.it\/ilblog\/#website","url":"https:\/\/www.2minuti.it\/ilblog\/","name":"2 minuti","description":"Son sabbia i minuti (Charles Baudelaire)","publisher":{"@id":"https:\/\/www.2minuti.it\/ilblog\/#organization"},"potentialAction":[{"@type":"SearchAction","target":{"@type":"EntryPoint","urlTemplate":"https:\/\/www.2minuti.it\/ilblog\/?s={search_term_string}"},"query-input":{"@type":"PropertyValueSpecification","valueRequired":true,"valueName":"search_term_string"}}],"inLanguage":"it-IT"},{"@type":"Organization","@id":"https:\/\/www.2minuti.it\/ilblog\/#organization","name":"2 minuti","url":"https:\/\/www.2minuti.it\/ilblog\/","logo":{"@type":"ImageObject","inLanguage":"it-IT","@id":"https:\/\/www.2minuti.it\/ilblog\/#\/schema\/logo\/image\/","url":"https:\/\/www.2minuti.it\/ilblog\/wp-content\/uploads\/2016\/08\/sergio-100.png","contentUrl":"https:\/\/www.2minuti.it\/ilblog\/wp-content\/uploads\/2016\/08\/sergio-100.png","width":100,"height":100,"caption":"2 minuti"},"image":{"@id":"https:\/\/www.2minuti.it\/ilblog\/#\/schema\/logo\/image\/"},"sameAs":["https:\/\/www.facebook.com\/Sergionline","https:\/\/x.com\/Sergiontw","https:\/\/www.linkedin.com\/in\/sergio-nuzzo-45647233","https:\/\/www.youtube.com\/channel\/UCyKOEznfP8LsDTRAu4GTAdA"]},{"@type":"Person","@id":"https:\/\/www.2minuti.it\/ilblog\/#\/schema\/person\/1aab47ab21092e56ee1918315359ed36","name":"Sergio","image":{"@type":"ImageObject","inLanguage":"it-IT","@id":"https:\/\/secure.gravatar.com\/avatar\/efeeeca169e26cb50add21e8f0bacb132030eaf7d1560f755a7a50acdfc58799?s=96&d=mm&r=g","url":"https:\/\/secure.gravatar.com\/avatar\/efeeeca169e26cb50add21e8f0bacb132030eaf7d1560f755a7a50acdfc58799?s=96&d=mm&r=g","contentUrl":"https:\/\/secure.gravatar.com\/avatar\/efeeeca169e26cb50add21e8f0bacb132030eaf7d1560f755a7a50acdfc58799?s=96&d=mm&r=g","caption":"Sergio"},"sameAs":["http:\/\/www.2minuti.it"]}]}},"_links":{"self":[{"href":"https:\/\/www.2minuti.it\/ilblog\/wp-json\/wp\/v2\/posts\/301","targetHints":{"allow":["GET"]}}],"collection":[{"href":"https:\/\/www.2minuti.it\/ilblog\/wp-json\/wp\/v2\/posts"}],"about":[{"href":"https:\/\/www.2minuti.it\/ilblog\/wp-json\/wp\/v2\/types\/post"}],"author":[{"embeddable":true,"href":"https:\/\/www.2minuti.it\/ilblog\/wp-json\/wp\/v2\/users\/1"}],"replies":[{"embeddable":true,"href":"https:\/\/www.2minuti.it\/ilblog\/wp-json\/wp\/v2\/comments?post=301"}],"version-history":[{"count":1,"href":"https:\/\/www.2minuti.it\/ilblog\/wp-json\/wp\/v2\/posts\/301\/revisions"}],"predecessor-version":[{"id":303,"href":"https:\/\/www.2minuti.it\/ilblog\/wp-json\/wp\/v2\/posts\/301\/revisions\/303"}],"wp:attachment":[{"href":"https:\/\/www.2minuti.it\/ilblog\/wp-json\/wp\/v2\/media?parent=301"}],"wp:term":[{"taxonomy":"category","embeddable":true,"href":"https:\/\/www.2minuti.it\/ilblog\/wp-json\/wp\/v2\/categories?post=301"},{"taxonomy":"post_tag","embeddable":true,"href":"https:\/\/www.2minuti.it\/ilblog\/wp-json\/wp\/v2\/tags?post=301"}],"curies":[{"name":"wp","href":"https:\/\/api.w.org\/{rel}","templated":true}]}}