{"id":254,"date":"2015-06-23T21:29:11","date_gmt":"2015-06-23T19:29:11","guid":{"rendered":"http:\/\/www.2minuti.it\/ilblog\/?p=254"},"modified":"2016-08-23T23:31:56","modified_gmt":"2016-08-23T21:31:56","slug":"perche-dovete-andare-allexpo","status":"publish","type":"post","link":"https:\/\/www.2minuti.it\/ilblog\/perche-dovete-andare-allexpo\/","title":{"rendered":"Perch\u00e8 DOVETE andare all&#8217;EXPO"},"content":{"rendered":"<p>Sono stato all&#8217;EXPO Milano 2015.<\/p>\n<p>Un evento che dal punto di vista del visitatore \u00e8 ben organizzato: acqua potabile gratuita ovunque, attrezzature per chi ha mobilit\u00e0 ridotta, file accettabili (massimo 40 minuti al Palazzo Italia), punti ristoro ovunque, parata, bel design, tantissime informazioni sulla coltivazione, sulla storia del cibo, sul consumo, sullo spreco. Se si volesse osservare tutto con attenzione sarebbero necessari 4 giorni pieni.<\/p>\n<p>Con occhi molto attento \u00e8 possibile notare ci\u00f2 che ancora non \u00e8 ultimato, ma si tratta di stucchi finiti in fretta, una stanza chiusa da un pannello in carton gesso, il padiglione Nepal vuoto (hanno avuto un terremoto).<\/p>\n<p>I difetti ci sono. Il cluster Mediterraneo dove, al contrario degli altri, i responsabili hanno gettato la spugna. Alcuni stand regionali fuori tema. Un uso eccessivo di materiali non biodegradabili&#8230; ma a mio avviso NULLA di tutto ci\u00f2 giustifica l&#8217;accesa critica contro un evento colossale, bello, coinvolgente, ricco di contenuti. E si, c&#8217;\u00e8 Slow Food e anche Mc Donalds, ma non convivono effettivamente entrambi al mondo, entrambi coi loro fedeli clienti?<\/p>\n<p>Andate all&#8217;EXPO e siate orgogliosi di essere Italiani!<\/p>\n","protected":false},"excerpt":{"rendered":"<p>Sono stato all&#8217;EXPO Milano 2015. Un evento che dal punto di vista del visitatore \u00e8 ben organizzato: acqua potabile gratuita<\/p>\n","protected":false},"author":1,"featured_media":519,"comment_status":"open","ping_status":"closed","sticky":false,"template":"","format":"standard","meta":{"colormag_page_container_layout":"default_layout","colormag_page_sidebar_layout":"default_layout","footnotes":""},"categories":[4],"tags":[196,50,194,195],"class_list":["post-254","post","type-post","status-publish","format-standard","has-post-thumbnail","hentry","category-business","tag-alimentazione","tag-eventi","tag-expo","tag-milano"],"yoast_head":"<!-- This site is optimized with the Yoast SEO plugin v27.5 - https:\/\/yoast.com\/product\/yoast-seo-wordpress\/ -->\n<title>Perch\u00e8 DOVETE andare all&#039;EXPO - 2 minuti<\/title>\n<meta name=\"robots\" content=\"index, follow, max-snippet:-1, max-image-preview:large, max-video-preview:-1\" \/>\n<link rel=\"canonical\" href=\"https:\/\/www.2minuti.it\/ilblog\/perche-dovete-andare-allexpo\/\" \/>\n<meta property=\"og:locale\" content=\"it_IT\" \/>\n<meta property=\"og:type\" content=\"article\" \/>\n<meta property=\"og:title\" content=\"Perch\u00e8 DOVETE andare all&#039;EXPO - 2 minuti\" \/>\n<meta property=\"og:description\" content=\"Sono stato all&#8217;EXPO Milano 2015. Un evento che dal punto di vista del visitatore \u00e8 ben organizzato: acqua potabile gratuita\" \/>\n<meta property=\"og:url\" content=\"https:\/\/www.2minuti.it\/ilblog\/perche-dovete-andare-allexpo\/\" \/>\n<meta property=\"og:site_name\" content=\"2 minuti\" \/>\n<meta property=\"article:publisher\" content=\"https:\/\/www.facebook.com\/Sergionline\" \/>\n<meta property=\"article:published_time\" content=\"2015-06-23T19:29:11+00:00\" \/>\n<meta property=\"article:modified_time\" content=\"2016-08-23T21:31:56+00:00\" \/>\n<meta property=\"og:image\" content=\"https:\/\/www.2minuti.it\/ilblog\/wp-content\/uploads\/2015\/06\/expo-2015.jpg\" \/>\n\t<meta property=\"og:image:width\" content=\"1280\" \/>\n\t<meta property=\"og:image:height\" content=\"720\" \/>\n\t<meta property=\"og:image:type\" content=\"image\/jpeg\" \/>\n<meta name=\"author\" content=\"Sergio\" \/>\n<meta name=\"twitter:card\" content=\"summary_large_image\" \/>\n<meta name=\"twitter:creator\" content=\"@Sergiontw\" \/>\n<meta name=\"twitter:site\" content=\"@Sergiontw\" \/>\n<meta name=\"twitter:label1\" content=\"Scritto da\" \/>\n\t<meta name=\"twitter:data1\" content=\"Sergio\" \/>\n\t<meta name=\"twitter:label2\" content=\"Tempo di lettura stimato\" \/>\n\t<meta name=\"twitter:data2\" content=\"1 minuto\" \/>\n<script type=\"application\/ld+json\" class=\"yoast-schema-graph\">{\"@context\":\"https:\\\/\\\/schema.org\",\"@graph\":[{\"@type\":\"Article\",\"@id\":\"https:\\\/\\\/www.2minuti.it\\\/ilblog\\\/perche-dovete-andare-allexpo\\\/#article\",\"isPartOf\":{\"@id\":\"https:\\\/\\\/www.2minuti.it\\\/ilblog\\\/perche-dovete-andare-allexpo\\\/\"},\"author\":{\"name\":\"Sergio\",\"@id\":\"https:\\\/\\\/www.2minuti.it\\\/ilblog\\\/#\\\/schema\\\/person\\\/1aab47ab21092e56ee1918315359ed36\"},\"headline\":\"Perch\u00e8 DOVETE andare all&#8217;EXPO\",\"datePublished\":\"2015-06-23T19:29:11+00:00\",\"dateModified\":\"2016-08-23T21:31:56+00:00\",\"mainEntityOfPage\":{\"@id\":\"https:\\\/\\\/www.2minuti.it\\\/ilblog\\\/perche-dovete-andare-allexpo\\\/\"},\"wordCount\":180,\"commentCount\":17,\"publisher\":{\"@id\":\"https:\\\/\\\/www.2minuti.it\\\/ilblog\\\/#organization\"},\"image\":{\"@id\":\"https:\\\/\\\/www.2minuti.it\\\/ilblog\\\/perche-dovete-andare-allexpo\\\/#primaryimage\"},\"thumbnailUrl\":\"https:\\\/\\\/www.2minuti.it\\\/ilblog\\\/wp-content\\\/uploads\\\/2015\\\/06\\\/expo-2015.jpg\",\"keywords\":[\"alimentazione\",\"eventi\",\"EXPO\",\"Milano\"],\"articleSection\":[\"Business\"],\"inLanguage\":\"it-IT\",\"potentialAction\":[{\"@type\":\"CommentAction\",\"name\":\"Comment\",\"target\":[\"https:\\\/\\\/www.2minuti.it\\\/ilblog\\\/perche-dovete-andare-allexpo\\\/#respond\"]}]},{\"@type\":\"WebPage\",\"@id\":\"https:\\\/\\\/www.2minuti.it\\\/ilblog\\\/perche-dovete-andare-allexpo\\\/\",\"url\":\"https:\\\/\\\/www.2minuti.it\\\/ilblog\\\/perche-dovete-andare-allexpo\\\/\",\"name\":\"Perch\u00e8 DOVETE andare all'EXPO - 2 minuti\",\"isPartOf\":{\"@id\":\"https:\\\/\\\/www.2minuti.it\\\/ilblog\\\/#website\"},\"primaryImageOfPage\":{\"@id\":\"https:\\\/\\\/www.2minuti.it\\\/ilblog\\\/perche-dovete-andare-allexpo\\\/#primaryimage\"},\"image\":{\"@id\":\"https:\\\/\\\/www.2minuti.it\\\/ilblog\\\/perche-dovete-andare-allexpo\\\/#primaryimage\"},\"thumbnailUrl\":\"https:\\\/\\\/www.2minuti.it\\\/ilblog\\\/wp-content\\\/uploads\\\/2015\\\/06\\\/expo-2015.jpg\",\"datePublished\":\"2015-06-23T19:29:11+00:00\",\"dateModified\":\"2016-08-23T21:31:56+00:00\",\"breadcrumb\":{\"@id\":\"https:\\\/\\\/www.2minuti.it\\\/ilblog\\\/perche-dovete-andare-allexpo\\\/#breadcrumb\"},\"inLanguage\":\"it-IT\",\"potentialAction\":[{\"@type\":\"ReadAction\",\"target\":[\"https:\\\/\\\/www.2minuti.it\\\/ilblog\\\/perche-dovete-andare-allexpo\\\/\"]}]},{\"@type\":\"ImageObject\",\"inLanguage\":\"it-IT\",\"@id\":\"https:\\\/\\\/www.2minuti.it\\\/ilblog\\\/perche-dovete-andare-allexpo\\\/#primaryimage\",\"url\":\"https:\\\/\\\/www.2minuti.it\\\/ilblog\\\/wp-content\\\/uploads\\\/2015\\\/06\\\/expo-2015.jpg\",\"contentUrl\":\"https:\\\/\\\/www.2minuti.it\\\/ilblog\\\/wp-content\\\/uploads\\\/2015\\\/06\\\/expo-2015.jpg\",\"width\":1280,\"height\":720,\"caption\":\"EXPO 2015 Milano\"},{\"@type\":\"BreadcrumbList\",\"@id\":\"https:\\\/\\\/www.2minuti.it\\\/ilblog\\\/perche-dovete-andare-allexpo\\\/#breadcrumb\",\"itemListElement\":[{\"@type\":\"ListItem\",\"position\":1,\"name\":\"Home\",\"item\":\"https:\\\/\\\/www.2minuti.it\\\/ilblog\\\/\"},{\"@type\":\"ListItem\",\"position\":2,\"name\":\"Perch\u00e8 DOVETE andare all&#8217;EXPO\"}]},{\"@type\":\"WebSite\",\"@id\":\"https:\\\/\\\/www.2minuti.it\\\/ilblog\\\/#website\",\"url\":\"https:\\\/\\\/www.2minuti.it\\\/ilblog\\\/\",\"name\":\"2 minuti\",\"description\":\"Son sabbia i minuti (Charles Baudelaire)\",\"publisher\":{\"@id\":\"https:\\\/\\\/www.2minuti.it\\\/ilblog\\\/#organization\"},\"potentialAction\":[{\"@type\":\"SearchAction\",\"target\":{\"@type\":\"EntryPoint\",\"urlTemplate\":\"https:\\\/\\\/www.2minuti.it\\\/ilblog\\\/?s={search_term_string}\"},\"query-input\":{\"@type\":\"PropertyValueSpecification\",\"valueRequired\":true,\"valueName\":\"search_term_string\"}}],\"inLanguage\":\"it-IT\"},{\"@type\":\"Organization\",\"@id\":\"https:\\\/\\\/www.2minuti.it\\\/ilblog\\\/#organization\",\"name\":\"2 minuti\",\"url\":\"https:\\\/\\\/www.2minuti.it\\\/ilblog\\\/\",\"logo\":{\"@type\":\"ImageObject\",\"inLanguage\":\"it-IT\",\"@id\":\"https:\\\/\\\/www.2minuti.it\\\/ilblog\\\/#\\\/schema\\\/logo\\\/image\\\/\",\"url\":\"https:\\\/\\\/www.2minuti.it\\\/ilblog\\\/wp-content\\\/uploads\\\/2016\\\/08\\\/sergio-100.png\",\"contentUrl\":\"https:\\\/\\\/www.2minuti.it\\\/ilblog\\\/wp-content\\\/uploads\\\/2016\\\/08\\\/sergio-100.png\",\"width\":100,\"height\":100,\"caption\":\"2 minuti\"},\"image\":{\"@id\":\"https:\\\/\\\/www.2minuti.it\\\/ilblog\\\/#\\\/schema\\\/logo\\\/image\\\/\"},\"sameAs\":[\"https:\\\/\\\/www.facebook.com\\\/Sergionline\",\"https:\\\/\\\/x.com\\\/Sergiontw\",\"https:\\\/\\\/www.linkedin.com\\\/in\\\/sergio-nuzzo-45647233\",\"https:\\\/\\\/www.youtube.com\\\/channel\\\/UCyKOEznfP8LsDTRAu4GTAdA\"]},{\"@type\":\"Person\",\"@id\":\"https:\\\/\\\/www.2minuti.it\\\/ilblog\\\/#\\\/schema\\\/person\\\/1aab47ab21092e56ee1918315359ed36\",\"name\":\"Sergio\",\"image\":{\"@type\":\"ImageObject\",\"inLanguage\":\"it-IT\",\"@id\":\"https:\\\/\\\/secure.gravatar.com\\\/avatar\\\/efeeeca169e26cb50add21e8f0bacb132030eaf7d1560f755a7a50acdfc58799?s=96&d=mm&r=g\",\"url\":\"https:\\\/\\\/secure.gravatar.com\\\/avatar\\\/efeeeca169e26cb50add21e8f0bacb132030eaf7d1560f755a7a50acdfc58799?s=96&d=mm&r=g\",\"contentUrl\":\"https:\\\/\\\/secure.gravatar.com\\\/avatar\\\/efeeeca169e26cb50add21e8f0bacb132030eaf7d1560f755a7a50acdfc58799?s=96&d=mm&r=g\",\"caption\":\"Sergio\"},\"sameAs\":[\"http:\\\/\\\/www.2minuti.it\"]}]}<\/script>\n<!-- \/ Yoast SEO plugin. -->","yoast_head_json":{"title":"Perch\u00e8 DOVETE andare all'EXPO - 2 minuti","robots":{"index":"index","follow":"follow","max-snippet":"max-snippet:-1","max-image-preview":"max-image-preview:large","max-video-preview":"max-video-preview:-1"},"canonical":"https:\/\/www.2minuti.it\/ilblog\/perche-dovete-andare-allexpo\/","og_locale":"it_IT","og_type":"article","og_title":"Perch\u00e8 DOVETE andare all'EXPO - 2 minuti","og_description":"Sono stato all&#8217;EXPO Milano 2015. Un evento che dal punto di vista del visitatore \u00e8 ben organizzato: acqua potabile gratuita","og_url":"https:\/\/www.2minuti.it\/ilblog\/perche-dovete-andare-allexpo\/","og_site_name":"2 minuti","article_publisher":"https:\/\/www.facebook.com\/Sergionline","article_published_time":"2015-06-23T19:29:11+00:00","article_modified_time":"2016-08-23T21:31:56+00:00","og_image":[{"width":1280,"height":720,"url":"https:\/\/www.2minuti.it\/ilblog\/wp-content\/uploads\/2015\/06\/expo-2015.jpg","type":"image\/jpeg"}],"author":"Sergio","twitter_card":"summary_large_image","twitter_creator":"@Sergiontw","twitter_site":"@Sergiontw","twitter_misc":{"Scritto da":"Sergio","Tempo di lettura stimato":"1 minuto"},"schema":{"@context":"https:\/\/schema.org","@graph":[{"@type":"Article","@id":"https:\/\/www.2minuti.it\/ilblog\/perche-dovete-andare-allexpo\/#article","isPartOf":{"@id":"https:\/\/www.2minuti.it\/ilblog\/perche-dovete-andare-allexpo\/"},"author":{"name":"Sergio","@id":"https:\/\/www.2minuti.it\/ilblog\/#\/schema\/person\/1aab47ab21092e56ee1918315359ed36"},"headline":"Perch\u00e8 DOVETE andare all&#8217;EXPO","datePublished":"2015-06-23T19:29:11+00:00","dateModified":"2016-08-23T21:31:56+00:00","mainEntityOfPage":{"@id":"https:\/\/www.2minuti.it\/ilblog\/perche-dovete-andare-allexpo\/"},"wordCount":180,"commentCount":17,"publisher":{"@id":"https:\/\/www.2minuti.it\/ilblog\/#organization"},"image":{"@id":"https:\/\/www.2minuti.it\/ilblog\/perche-dovete-andare-allexpo\/#primaryimage"},"thumbnailUrl":"https:\/\/www.2minuti.it\/ilblog\/wp-content\/uploads\/2015\/06\/expo-2015.jpg","keywords":["alimentazione","eventi","EXPO","Milano"],"articleSection":["Business"],"inLanguage":"it-IT","potentialAction":[{"@type":"CommentAction","name":"Comment","target":["https:\/\/www.2minuti.it\/ilblog\/perche-dovete-andare-allexpo\/#respond"]}]},{"@type":"WebPage","@id":"https:\/\/www.2minuti.it\/ilblog\/perche-dovete-andare-allexpo\/","url":"https:\/\/www.2minuti.it\/ilblog\/perche-dovete-andare-allexpo\/","name":"Perch\u00e8 DOVETE andare all'EXPO - 2 minuti","isPartOf":{"@id":"https:\/\/www.2minuti.it\/ilblog\/#website"},"primaryImageOfPage":{"@id":"https:\/\/www.2minuti.it\/ilblog\/perche-dovete-andare-allexpo\/#primaryimage"},"image":{"@id":"https:\/\/www.2minuti.it\/ilblog\/perche-dovete-andare-allexpo\/#primaryimage"},"thumbnailUrl":"https:\/\/www.2minuti.it\/ilblog\/wp-content\/uploads\/2015\/06\/expo-2015.jpg","datePublished":"2015-06-23T19:29:11+00:00","dateModified":"2016-08-23T21:31:56+00:00","breadcrumb":{"@id":"https:\/\/www.2minuti.it\/ilblog\/perche-dovete-andare-allexpo\/#breadcrumb"},"inLanguage":"it-IT","potentialAction":[{"@type":"ReadAction","target":["https:\/\/www.2minuti.it\/ilblog\/perche-dovete-andare-allexpo\/"]}]},{"@type":"ImageObject","inLanguage":"it-IT","@id":"https:\/\/www.2minuti.it\/ilblog\/perche-dovete-andare-allexpo\/#primaryimage","url":"https:\/\/www.2minuti.it\/ilblog\/wp-content\/uploads\/2015\/06\/expo-2015.jpg","contentUrl":"https:\/\/www.2minuti.it\/ilblog\/wp-content\/uploads\/2015\/06\/expo-2015.jpg","width":1280,"height":720,"caption":"EXPO 2015 Milano"},{"@type":"BreadcrumbList","@id":"https:\/\/www.2minuti.it\/ilblog\/perche-dovete-andare-allexpo\/#breadcrumb","itemListElement":[{"@type":"ListItem","position":1,"name":"Home","item":"https:\/\/www.2minuti.it\/ilblog\/"},{"@type":"ListItem","position":2,"name":"Perch\u00e8 DOVETE andare all&#8217;EXPO"}]},{"@type":"WebSite","@id":"https:\/\/www.2minuti.it\/ilblog\/#website","url":"https:\/\/www.2minuti.it\/ilblog\/","name":"2 minuti","description":"Son sabbia i minuti (Charles Baudelaire)","publisher":{"@id":"https:\/\/www.2minuti.it\/ilblog\/#organization"},"potentialAction":[{"@type":"SearchAction","target":{"@type":"EntryPoint","urlTemplate":"https:\/\/www.2minuti.it\/ilblog\/?s={search_term_string}"},"query-input":{"@type":"PropertyValueSpecification","valueRequired":true,"valueName":"search_term_string"}}],"inLanguage":"it-IT"},{"@type":"Organization","@id":"https:\/\/www.2minuti.it\/ilblog\/#organization","name":"2 minuti","url":"https:\/\/www.2minuti.it\/ilblog\/","logo":{"@type":"ImageObject","inLanguage":"it-IT","@id":"https:\/\/www.2minuti.it\/ilblog\/#\/schema\/logo\/image\/","url":"https:\/\/www.2minuti.it\/ilblog\/wp-content\/uploads\/2016\/08\/sergio-100.png","contentUrl":"https:\/\/www.2minuti.it\/ilblog\/wp-content\/uploads\/2016\/08\/sergio-100.png","width":100,"height":100,"caption":"2 minuti"},"image":{"@id":"https:\/\/www.2minuti.it\/ilblog\/#\/schema\/logo\/image\/"},"sameAs":["https:\/\/www.facebook.com\/Sergionline","https:\/\/x.com\/Sergiontw","https:\/\/www.linkedin.com\/in\/sergio-nuzzo-45647233","https:\/\/www.youtube.com\/channel\/UCyKOEznfP8LsDTRAu4GTAdA"]},{"@type":"Person","@id":"https:\/\/www.2minuti.it\/ilblog\/#\/schema\/person\/1aab47ab21092e56ee1918315359ed36","name":"Sergio","image":{"@type":"ImageObject","inLanguage":"it-IT","@id":"https:\/\/secure.gravatar.com\/avatar\/efeeeca169e26cb50add21e8f0bacb132030eaf7d1560f755a7a50acdfc58799?s=96&d=mm&r=g","url":"https:\/\/secure.gravatar.com\/avatar\/efeeeca169e26cb50add21e8f0bacb132030eaf7d1560f755a7a50acdfc58799?s=96&d=mm&r=g","contentUrl":"https:\/\/secure.gravatar.com\/avatar\/efeeeca169e26cb50add21e8f0bacb132030eaf7d1560f755a7a50acdfc58799?s=96&d=mm&r=g","caption":"Sergio"},"sameAs":["http:\/\/www.2minuti.it"]}]}},"_links":{"self":[{"href":"https:\/\/www.2minuti.it\/ilblog\/wp-json\/wp\/v2\/posts\/254","targetHints":{"allow":["GET"]}}],"collection":[{"href":"https:\/\/www.2minuti.it\/ilblog\/wp-json\/wp\/v2\/posts"}],"about":[{"href":"https:\/\/www.2minuti.it\/ilblog\/wp-json\/wp\/v2\/types\/post"}],"author":[{"embeddable":true,"href":"https:\/\/www.2minuti.it\/ilblog\/wp-json\/wp\/v2\/users\/1"}],"replies":[{"embeddable":true,"href":"https:\/\/www.2minuti.it\/ilblog\/wp-json\/wp\/v2\/comments?post=254"}],"version-history":[{"count":3,"href":"https:\/\/www.2minuti.it\/ilblog\/wp-json\/wp\/v2\/posts\/254\/revisions"}],"predecessor-version":[{"id":520,"href":"https:\/\/www.2minuti.it\/ilblog\/wp-json\/wp\/v2\/posts\/254\/revisions\/520"}],"wp:featuredmedia":[{"embeddable":true,"href":"https:\/\/www.2minuti.it\/ilblog\/wp-json\/wp\/v2\/media\/519"}],"wp:attachment":[{"href":"https:\/\/www.2minuti.it\/ilblog\/wp-json\/wp\/v2\/media?parent=254"}],"wp:term":[{"taxonomy":"category","embeddable":true,"href":"https:\/\/www.2minuti.it\/ilblog\/wp-json\/wp\/v2\/categories?post=254"},{"taxonomy":"post_tag","embeddable":true,"href":"https:\/\/www.2minuti.it\/ilblog\/wp-json\/wp\/v2\/tags?post=254"}],"curies":[{"name":"wp","href":"https:\/\/api.w.org\/{rel}","templated":true}]}}